{"id":20944,"date":"2023-04-27T18:55:15","date_gmt":"2023-04-27T21:55:15","guid":{"rendered":"https:\/\/chacosintesis.com.ar\/?p=20944"},"modified":"2023-04-27T19:06:51","modified_gmt":"2023-04-27T22:06:51","slug":"para-potenciar-el-desarrollo-del-norte-grande-disenaran-un-plan-productivo-especifico-para-la-region","status":"publish","type":"post","link":"https:\/\/chacosintesis.com.ar\/index.php\/para-potenciar-el-desarrollo-del-norte-grande-disenaran-un-plan-productivo-especifico-para-la-region\/","title":{"rendered":"Para potenciar el desarrollo del Norte Grande, dise\u00f1ar\u00e1n un plan productivo espec\u00edfico para la regi\u00f3n"},"content":{"rendered":"<p>Plan ganadero, programas para el desarrollo productivo y pol\u00edticas de regulaci\u00f3n junto al Banco Central para aumentar la superficie sembrada de cara a la pr\u00f3xima temporada, fueron algunos de los puntos del encuentro.<br \/>\nEl gobernador Jorge Capitanich recibi\u00f3 este jueves a la Mesa Nacional de la Sociedad Rural Argentina (SRA), para abordar la situaci\u00f3n del sector luego de un a\u00f1o de complicaciones por la prolongada sequ\u00eda que afecta a la regi\u00f3n y al pa\u00eds. \u201cHa sido una reuni\u00f3n muy fruct\u00edfera\u201d, afirm\u00f3 el gobernador, que comparti\u00f3 con la conducci\u00f3n del agro distintos aspectos estructurales y coyunturales de la actividad productiva.<br \/>\n\u201cNos han pedido que podamos interceder ante el Banco Central de la Rep\u00fablica Argentina para ceder la restricci\u00f3n de retenciones de la soja, porque la sequ\u00eda afect\u00f3 severamente y eso es muy importante poder canalizarlo para aumentar la base de financiamiento para la superficie sembrada en la pr\u00f3xima cosecha\u201d, precis\u00f3 el mandatario, reiterando en ese sentido la necesidad de mejorar el flujo de divisas.<br \/>\nCapitanich coment\u00f3 adem\u00e1s que discutieron sobre el dise\u00f1o de un plan ganadero espec\u00edfico para el Norte Grande argentino. \u201cConcretamente, nos han pedido que en la pr\u00f3xima asamblea de gobernadores puedan participar las entidades representativas del sector agropecuario, para ver si somos capaces de generar una agenda program\u00e1tica para el fortalecimiento del desarrollo productivo\u201d, se\u00f1al\u00f3.<br \/>\nEl presidente de la Sociedad Rural Argentina, Nicol\u00e1s Pino, rescat\u00f3 que la ganader\u00eda comienza a recuperar su ritmo productivo luego de tres a\u00f1os dif\u00edciles por la segu\u00eda, aunque remarc\u00f3 que para que la actividad crezca es necesario \u201cpol\u00edticas claras, certezas y previsibilidad\u201d, y de ah\u00ed tambi\u00e9n su reuni\u00f3n con el gobernador chaque\u00f1o, considerando no s\u00f3lo las pol\u00edticas llevadas adelante en el territorio provincial sino tambi\u00e9n su influencia en el gabinete nacional.<br \/>\n\u201cEn la provincia, la reacci\u00f3n del gobierno a las necesidades y demandas del sector en cuanto a la situaci\u00f3n de emergencia ha sido buena y necesitamos continuar trabajando en este sentido\u201d, asegur\u00f3 Pino, y destac\u00f3: \u201cen el Chaco los productores son expertos en la producci\u00f3n, cr\u00eda y engorde de ganado; a\u00f1o a a\u00f1o se ve que evoluciona la calidad ganadera y m\u00e1s importante a\u00fan es que hay inversi\u00f3n en gen\u00e9tica, lo que entusiasma mucho\u201d.<br \/>\n<<a href=\"http:\/\/www.avg.com\/email-signature?utm_medium=email&#038;utm_source=link&#038;utm_campaign=sig-email&#038;utm_content=webmail\">www.avg.com\/email-signature?utm_medium=email&amp;utm_source=link&amp;utm_campaign=sig-email&amp;utm_content=webmail<\/a>> Libre de virus.www.avg.com <<a href=\"http:\/\/www.avg.com\/email-signature?utm_medium=email&#038;utm_source=link&#038;utm_campaign=sig-email&#038;utm_content=webmail\">www.avg.com\/email-signature?utm_medium=email&amp;utm_source=link&amp;utm_campaign=sig-email&amp;utm_content=webmail<\/a>> <#DAB4FAD8-2DD7-40BB-A1B8-4E2AA1F9FDF2><\/p>\n","protected":false},"excerpt":{"rendered":"<p>Plan ganadero, programas para el desarrollo productivo y pol\u00edticas de regulaci\u00f3n junto al Banco Central para aumentar la superficie sembrada de cara a la pr\u00f3xima temporada, fueron algunos de los puntos del encuentro. El gobernador Jorge Capitanich recibi\u00f3 este jueves a la Mesa Nacional de la Sociedad Rural Argentina (SRA), para abordar la situaci\u00f3n del [&hellip;]<\/p>\n","protected":false},"author":1,"featured_media":20945,"comment_status":"closed","ping_status":"closed","sticky":false,"template":"","format":"standard","meta":{"footnotes":""},"categories":[6],"tags":[],"class_list":{"0":"post-20944","1":"post","2":"type-post","3":"status-publish","4":"format-standard","5":"has-post-thumbnail","7":"category-chaco"},"_links":{"self":[{"href":"https:\/\/chacosintesis.com.ar\/index.php\/wp-json\/wp\/v2\/posts\/20944","targetHints":{"allow":["GET"]}}],"collection":[{"href":"https:\/\/chacosintesis.com.ar\/index.php\/wp-json\/wp\/v2\/posts"}],"about":[{"href":"https:\/\/chacosintesis.com.ar\/index.php\/wp-json\/wp\/v2\/types\/post"}],"author":[{"embeddable":true,"href":"https:\/\/chacosintesis.com.ar\/index.php\/wp-json\/wp\/v2\/users\/1"}],"replies":[{"embeddable":true,"href":"https:\/\/chacosintesis.com.ar\/index.php\/wp-json\/wp\/v2\/comments?post=20944"}],"version-history":[{"count":0,"href":"https:\/\/chacosintesis.com.ar\/index.php\/wp-json\/wp\/v2\/posts\/20944\/revisions"}],"wp:featuredmedia":[{"embeddable":true,"href":"https:\/\/chacosintesis.com.ar\/index.php\/wp-json\/wp\/v2\/media\/20945"}],"wp:attachment":[{"href":"https:\/\/chacosintesis.com.ar\/index.php\/wp-json\/wp\/v2\/media?parent=20944"}],"wp:term":[{"taxonomy":"category","embeddable":true,"href":"https:\/\/chacosintesis.com.ar\/index.php\/wp-json\/wp\/v2\/categories?post=20944"},{"taxonomy":"post_tag","embeddable":true,"href":"https:\/\/chacosintesis.com.ar\/index.php\/wp-json\/wp\/v2\/tags?post=20944"}],"curies":[{"name":"wp","href":"https:\/\/api.w.org\/{rel}","templated":true}]}}