{"id":20942,"date":"2023-04-27T18:51:28","date_gmt":"2023-04-27T21:51:28","guid":{"rendered":"https:\/\/chacosintesis.com.ar\/?p=20942"},"modified":"2023-04-27T19:06:50","modified_gmt":"2023-04-27T22:06:50","slug":"avanza-la-obra-del-nuevo-frigorifico-y-el-paseo-de-la-juventud-en-villa-berthet","status":"publish","type":"post","link":"https:\/\/chacosintesis.com.ar\/index.php\/avanza-la-obra-del-nuevo-frigorifico-y-el-paseo-de-la-juventud-en-villa-berthet\/","title":{"rendered":"Avanza la obra del nuevo frigor\u00edfico y el Paseo de la Juventud en Villa Berthet"},"content":{"rendered":"<p>El frigor\u00edfico apunta a potenciar la producci\u00f3n y comercializaci\u00f3n del mercado c\u00e1rnico local, mientras que el nuevo espacio urbano albergar\u00e1 m\u00faltiples actividades deportivas y culturales para la recreaci\u00f3n de la poblaci\u00f3n local.<br \/>\nEl Ministerio de Planificaci\u00f3n, Econom\u00eda e Infraestructura verific\u00f3 el avance de las obras del nuevo frigor\u00edfico y del Paseo de la Juventud en Villa Berthet.  Se trata de una pol\u00edtica de inversi\u00f3n p\u00fablica tendiente a mejorar la calidad de vida de la poblaci\u00f3n y generar fuentes de trabajo formal local.<br \/>\nEl frigor\u00edfico, que cuenta con un monto de inversi\u00f3n de $98.320.629,17, presenta un avance del 55 por ciento. A la fecha se trabaja en la terminaci\u00f3n de c\u00e1maras, revoques interiores, instalaciones sanitarias y el\u00e9ctricas embutidas, elevaci\u00f3n de torre de tanque, estructura, cubierta, canal y contrapiso de corrales.<br \/>\n\u201cEs una obra que genera empleo para m\u00e1s de 30 obreros y permitir\u00e1 la comercializaci\u00f3n de productos frescos, perecederos y carnes gracias a un sistema de faena que se iniciar\u00e1 progresivamente para tener una red de abastecimiento local con el fin de que las y los consumidores reciban alimentos de buena calidad\u201d, expres\u00f3 el ministro de la cartera, Santiago Perez Pons.<br \/>\nEsta obra consiste en la construcci\u00f3n de un frigor\u00edfico de ganado mayores, con sus correspondientes \u00e1reas y un espacio previsto con una c\u00e1mara frigor\u00edfica bovina para 160 media res y corrales con espacio para 80 ganados. Tiene un plazo de 8 meses de ejecuci\u00f3n.<br \/>\n\u201cPara nosotros tener un empleo formal es clave en nuestra econom\u00eda familiar, pero tambi\u00e9n se trata de una obra que la gente espera hace a\u00f1os, por lo beneficio que representa para toda la comunidad\u201d, indic\u00f3 Gabriel Ca\u00f1ete, alba\u00f1il de la obra.<br \/>\nInversi\u00f3n en espacios p\u00fablicos<\/p>\n<p>En cuanto al Paseo de la Juventud, con una inversi\u00f3n de $89.719.616,40, se proyecta la construcci\u00f3n de nuevas veredas, gradas, p\u00e9rgola, ba\u00f1os, bancos de mamposter\u00eda para descansar, iluminaci\u00f3n p\u00fablica y distintos juegos recreativos y de gimnasia para el disfrute de distintas actividades sociales. El proyecto ha generado empleo genuino para 14 obreros locales.<br \/>\nEl objetivo es potenciar el desarrollo social en la localidad, generando un espacio amigable con el ambiente y sustentable, en funci\u00f3n de que las y los ciudadanos se apropien del lugar. \u201cInvertir en la refacci\u00f3n y creaci\u00f3n de espacios p\u00fablicos que promuevan el encuentro, el deporte, el empleo formal y la inclusi\u00f3n es una de las prioridades de la gesti\u00f3n\u201d, remarc\u00f3 Perez Pons.<br \/>\n\u201cEs una obra que genera aprendizaje permanente en lo laboral, favorece a llegar con el sustento econ\u00f3mico a la familia todos los meses y la gente del pueblo est\u00e1 muy contenta porque le da un sentido de pertenencia al municipio\u201d, sostuvo Ariel Villalva, oficial alba\u00f1il.<br \/>\n<<a href=\"http:\/\/www.avg.com\/email-signature?utm_medium=email&#038;utm_source=link&#038;utm_campaign=sig-email&#038;utm_content=webmail\">www.avg.com\/email-signature?utm_medium=email&amp;utm_source=link&amp;utm_campaign=sig-email&amp;utm_content=webmail<\/a>> Libre de virus.www.avg.com <<a href=\"http:\/\/www.avg.com\/email-signature?utm_medium=email&#038;utm_source=link&#038;utm_campaign=sig-email&#038;utm_content=webmail\">www.avg.com\/email-signature?utm_medium=email&amp;utm_source=link&amp;utm_campaign=sig-email&amp;utm_content=webmail<\/a>> <#DAB4FAD8-2DD7-40BB-A1B8-4E2AA1F9FDF2><\/p>\n","protected":false},"excerpt":{"rendered":"<p>El frigor\u00edfico apunta a potenciar la producci\u00f3n y comercializaci\u00f3n del mercado c\u00e1rnico local, mientras que el nuevo espacio urbano albergar\u00e1 m\u00faltiples actividades deportivas y culturales para la recreaci\u00f3n de la poblaci\u00f3n local. El Ministerio de Planificaci\u00f3n, Econom\u00eda e Infraestructura verific\u00f3 el avance de las obras del nuevo frigor\u00edfico y del Paseo de la Juventud en [&hellip;]<\/p>\n","protected":false},"author":1,"featured_media":20943,"comment_status":"closed","ping_status":"closed","sticky":false,"template":"","format":"standard","meta":{"footnotes":""},"categories":[6],"tags":[],"class_list":{"0":"post-20942","1":"post","2":"type-post","3":"status-publish","4":"format-standard","5":"has-post-thumbnail","7":"category-chaco"},"_links":{"self":[{"href":"https:\/\/chacosintesis.com.ar\/index.php\/wp-json\/wp\/v2\/posts\/20942","targetHints":{"allow":["GET"]}}],"collection":[{"href":"https:\/\/chacosintesis.com.ar\/index.php\/wp-json\/wp\/v2\/posts"}],"about":[{"href":"https:\/\/chacosintesis.com.ar\/index.php\/wp-json\/wp\/v2\/types\/post"}],"author":[{"embeddable":true,"href":"https:\/\/chacosintesis.com.ar\/index.php\/wp-json\/wp\/v2\/users\/1"}],"replies":[{"embeddable":true,"href":"https:\/\/chacosintesis.com.ar\/index.php\/wp-json\/wp\/v2\/comments?post=20942"}],"version-history":[{"count":0,"href":"https:\/\/chacosintesis.com.ar\/index.php\/wp-json\/wp\/v2\/posts\/20942\/revisions"}],"wp:featuredmedia":[{"embeddable":true,"href":"https:\/\/chacosintesis.com.ar\/index.php\/wp-json\/wp\/v2\/media\/20943"}],"wp:attachment":[{"href":"https:\/\/chacosintesis.com.ar\/index.php\/wp-json\/wp\/v2\/media?parent=20942"}],"wp:term":[{"taxonomy":"category","embeddable":true,"href":"https:\/\/chacosintesis.com.ar\/index.php\/wp-json\/wp\/v2\/categories?post=20942"},{"taxonomy":"post_tag","embeddable":true,"href":"https:\/\/chacosintesis.com.ar\/index.php\/wp-json\/wp\/v2\/tags?post=20942"}],"curies":[{"name":"wp","href":"https:\/\/api.w.org\/{rel}","templated":true}]}}