{"id":20938,"date":"2023-04-27T18:47:52","date_gmt":"2023-04-27T21:47:52","guid":{"rendered":"https:\/\/chacosintesis.com.ar\/?p=20938"},"modified":"2023-04-27T19:06:47","modified_gmt":"2023-04-27T22:06:47","slug":"napenay-y-avia-terai-se-desarrollan-con-mas-obras","status":"publish","type":"post","link":"https:\/\/chacosintesis.com.ar\/index.php\/napenay-y-avia-terai-se-desarrollan-con-mas-obras\/","title":{"rendered":"Napenay y Avia Terai se desarrollan con m\u00e1s obras"},"content":{"rendered":"<p>A pocas semanas del aniversario de Napenay, se habilitar\u00e1 la plaza central, cuadras de pavimento y una escuela secundaria. En Avia Terai, iniciar\u00e1n las obras de la terminal y un nuevo colegio secundario.<br \/>\nEl gobernador Jorge Capitanich recibi\u00f3 esta ma\u00f1ana al intendente de Napenay, Gustavo Balbuena, con quien coordin\u00f3 las celebraciones por los 102 a\u00f1os de la localidad, que se llevar\u00e1 a cabo el pr\u00f3ximo 15 de mayo.<br \/>\n\u201cHicimos un repaso de las obras como la plaza central que est\u00e1 en un 95 por ciento terminada, siete cuadras de pavimento que est\u00e1n pr\u00f3ximas a terminar y un colegio en el que se est\u00e1 llevando a cabo una refacci\u00f3n y ampliaci\u00f3n\u201d, cont\u00f3 Balbuena, y destac\u00f3: \u201cson tres obras fundamentales para nuestro pueblo que esperamos poder inaugurar ese d\u00eda con la presencia del gobernador\u201d.<br \/>\n\u201cEsto es muy importante para nosotros porque entre pandemia e inundaciones fueron tres a\u00f1os que no pudimos festejar nuestro aniversario, por lo que genera muchas expectativas\u201d, dijo, y manifest\u00f3: \u201cesperamos poder vivir una verdadera fiesta ese d\u00eda con un festival con bandas en vivo\u201d.<br \/>\nCapitanich tambi\u00e9n recibi\u00f3 al intendente de Avia Terai, Ren\u00e9 Pallares. La semana que viene se dar\u00e1 inicio a las obras de la terminal y en junio comenzar\u00e1n la construcci\u00f3n de un nuevo colegio secundario. \u201cDebemos recordar que hace poco inauguramos la escuela 532 que en estos d\u00edas se va a habilitar y pr\u00f3ximamente tenemos para inaugurar algunas otras obras como el taller textil\u201d, agreg\u00f3 Pallares.<br \/>\nOtras obras importantes que destac\u00f3 fueron las que se est\u00e1n llevando adelante como el micro estadio, el centro cultural y la ampliaci\u00f3n del acceso a la localidad, que forma parte de la Ruta provincial N\u00b0 27.<br \/>\n<<a href=\"http:\/\/www.avg.com\/email-signature?utm_medium=email&#038;utm_source=link&#038;utm_campaign=sig-email&#038;utm_content=webmail\">www.avg.com\/email-signature?utm_medium=email&amp;utm_source=link&amp;utm_campaign=sig-email&amp;utm_content=webmail<\/a>> Libre de virus.www.avg.com <<a href=\"http:\/\/www.avg.com\/email-signature?utm_medium=email&#038;utm_source=link&#038;utm_campaign=sig-email&#038;utm_content=webmail\">www.avg.com\/email-signature?utm_medium=email&amp;utm_source=link&amp;utm_campaign=sig-email&amp;utm_content=webmail<\/a>> <#DAB4FAD8-2DD7-40BB-A1B8-4E2AA1F9FDF2><\/p>\n","protected":false},"excerpt":{"rendered":"<p>A pocas semanas del aniversario de Napenay, se habilitar\u00e1 la plaza central, cuadras de pavimento y una escuela secundaria. En Avia Terai, iniciar\u00e1n las obras de la terminal y un nuevo colegio secundario. El gobernador Jorge Capitanich recibi\u00f3 esta ma\u00f1ana al intendente de Napenay, Gustavo Balbuena, con quien coordin\u00f3 las celebraciones por los 102 a\u00f1os [&hellip;]<\/p>\n","protected":false},"author":1,"featured_media":20939,"comment_status":"closed","ping_status":"closed","sticky":false,"template":"","format":"standard","meta":{"footnotes":""},"categories":[6],"tags":[],"class_list":{"0":"post-20938","1":"post","2":"type-post","3":"status-publish","4":"format-standard","5":"has-post-thumbnail","7":"category-chaco"},"_links":{"self":[{"href":"https:\/\/chacosintesis.com.ar\/index.php\/wp-json\/wp\/v2\/posts\/20938","targetHints":{"allow":["GET"]}}],"collection":[{"href":"https:\/\/chacosintesis.com.ar\/index.php\/wp-json\/wp\/v2\/posts"}],"about":[{"href":"https:\/\/chacosintesis.com.ar\/index.php\/wp-json\/wp\/v2\/types\/post"}],"author":[{"embeddable":true,"href":"https:\/\/chacosintesis.com.ar\/index.php\/wp-json\/wp\/v2\/users\/1"}],"replies":[{"embeddable":true,"href":"https:\/\/chacosintesis.com.ar\/index.php\/wp-json\/wp\/v2\/comments?post=20938"}],"version-history":[{"count":0,"href":"https:\/\/chacosintesis.com.ar\/index.php\/wp-json\/wp\/v2\/posts\/20938\/revisions"}],"wp:featuredmedia":[{"embeddable":true,"href":"https:\/\/chacosintesis.com.ar\/index.php\/wp-json\/wp\/v2\/media\/20939"}],"wp:attachment":[{"href":"https:\/\/chacosintesis.com.ar\/index.php\/wp-json\/wp\/v2\/media?parent=20938"}],"wp:term":[{"taxonomy":"category","embeddable":true,"href":"https:\/\/chacosintesis.com.ar\/index.php\/wp-json\/wp\/v2\/categories?post=20938"},{"taxonomy":"post_tag","embeddable":true,"href":"https:\/\/chacosintesis.com.ar\/index.php\/wp-json\/wp\/v2\/tags?post=20938"}],"curies":[{"name":"wp","href":"https:\/\/api.w.org\/{rel}","templated":true}]}}