{"id":20928,"date":"2023-04-27T18:20:46","date_gmt":"2023-04-27T21:20:46","guid":{"rendered":"https:\/\/chacosintesis.com.ar\/?p=20928"},"modified":"2023-04-27T18:38:34","modified_gmt":"2023-04-27T21:38:34","slug":"importantes-obras-de-infraestructura-en-el-hospital-perrando-proximas-a-inaugurarse","status":"publish","type":"post","link":"https:\/\/chacosintesis.com.ar\/index.php\/importantes-obras-de-infraestructura-en-el-hospital-perrando-proximas-a-inaugurarse\/","title":{"rendered":"Importantes obras de infraestructura en el Hospital Perrando, pr\u00f3ximas a inaugurarse"},"content":{"rendered":"<p>La directora Nancy Trejo detall\u00f3 avances en la ampliaci\u00f3n del Servicio de Guardia y Emergencia, como as\u00ed tambi\u00e9n en el servicio de Rehabilitaci\u00f3n y del laboratorio, que est\u00e1 pr\u00f3ximo a habilitarse. \u201cEsto representa la continuidad de una mirada muy especial que ha tenido el gobernador Jorge Capitanich, desde los tiempos de la pandemia\u201d, asegur\u00f3.<br \/>\nLa directora del Hospital &#8220;Julio C. Perrando&#8221; de Resistencia, Nancy Trejo, destac\u00f3 el avance de las obras de infraestructura que se ejecutan en el principal nosocomio chaque\u00f1o y subray\u00f3 que las mejoras y remodelaciones que se concretaron en los \u00faltimos a\u00f1os est\u00e1n directamente vinculadas a \u201cla visi\u00f3n que ha tenido desde siempre, pero en especial desde los tiempos de la pandemia de COVID-19, el gobernador Jorge Capitanich\u201d. En declaraciones a Radio Provincia, la profesional coment\u00f3 que la obra del Laboratorio est\u00e1 pr\u00e1cticamente culminada y \u201cpr\u00f3xima a inaugurarse\u201d, pero a la vez est\u00e1 en la \u00faltima etapa el servicio de Rehabilitaci\u00f3n, y culminando pr\u00e1cticamente, la tercera etapa de la ampliaci\u00f3n del Servicio de Guardia y Emergencia.<br \/>\n\u201cLa verdad que la mirada que tuvo Capitanich ha sido muy importante porque, adem\u00e1s de la emergencia, se puso el foco en todo lo inherente a la infraestructura para mejorar la calidad de atenci\u00f3n\u201d, analiz\u00f3. En ese sentido, record\u00f3 que entre el 2020 y el 2020 se inaugur\u00f3 la primera ampliaci\u00f3n del Servicio de Guardia de Emergencia, y se refaccionaron las distintas salas de internaci\u00f3n \u201cque estaban con un grave deterioro\u201d.<br \/>\nLas salas de Internaci\u00f3n, la  de Cirug\u00eda, la sala de Cl\u00ednica, la de Traumatolog\u00eda, la Sala de Urolog\u00eda y la de Ginecolog\u00eda y Embarazo de alto riesgo, \u201cfueron refaccionadas a nuevo\u201d, apunt\u00f3 Trejo. \u201cEl gobernador puede estar tranquilo porque esta es una provincia que dio respuesta a cada uno de los hermanos chaque\u00f1os que atraves\u00f3 momentos dif\u00edciles durante la pandemia\u201d, ponder\u00f3.<br \/>\nDengue<br \/>\nFinalmente, ante el escenario complejo que implica el brote de Dengue, asegur\u00f3 que \u201csi bien los casos aumentan en la provincia, nosotros no hemos tenido pacientes que requieran internaci\u00f3n hasta el momento, pero el hospital est\u00e1 preparado para poder contemplar la probable internaci\u00f3n, si as\u00ed lo necesitamos\u201d.<br \/>\n<<a href=\"http:\/\/www.avg.com\/email-signature?utm_medium=email&#038;utm_source=link&#038;utm_campaign=sig-email&#038;utm_content=webmail\">www.avg.com\/email-signature?utm_medium=email&amp;utm_source=link&amp;utm_campaign=sig-email&amp;utm_content=webmail<\/a>> Libre de virus.www.avg.com <<a href=\"http:\/\/www.avg.com\/email-signature?utm_medium=email&#038;utm_source=link&#038;utm_campaign=sig-email&#038;utm_content=webmail\">www.avg.com\/email-signature?utm_medium=email&amp;utm_source=link&amp;utm_campaign=sig-email&amp;utm_content=webmail<\/a>> <#DAB4FAD8-2DD7-40BB-A1B8-4E2AA1F9FDF2><\/p>\n","protected":false},"excerpt":{"rendered":"<p>La directora Nancy Trejo detall\u00f3 avances en la ampliaci\u00f3n del Servicio de Guardia y Emergencia, como as\u00ed tambi\u00e9n en el servicio de Rehabilitaci\u00f3n y del laboratorio, que est\u00e1 pr\u00f3ximo a habilitarse. \u201cEsto representa la continuidad de una mirada muy especial que ha tenido el gobernador Jorge Capitanich, desde los tiempos de la pandemia\u201d, asegur\u00f3. La [&hellip;]<\/p>\n","protected":false},"author":1,"featured_media":20929,"comment_status":"closed","ping_status":"closed","sticky":false,"template":"","format":"standard","meta":{"footnotes":""},"categories":[6],"tags":[],"class_list":{"0":"post-20928","1":"post","2":"type-post","3":"status-publish","4":"format-standard","5":"has-post-thumbnail","7":"category-chaco"},"_links":{"self":[{"href":"https:\/\/chacosintesis.com.ar\/index.php\/wp-json\/wp\/v2\/posts\/20928","targetHints":{"allow":["GET"]}}],"collection":[{"href":"https:\/\/chacosintesis.com.ar\/index.php\/wp-json\/wp\/v2\/posts"}],"about":[{"href":"https:\/\/chacosintesis.com.ar\/index.php\/wp-json\/wp\/v2\/types\/post"}],"author":[{"embeddable":true,"href":"https:\/\/chacosintesis.com.ar\/index.php\/wp-json\/wp\/v2\/users\/1"}],"replies":[{"embeddable":true,"href":"https:\/\/chacosintesis.com.ar\/index.php\/wp-json\/wp\/v2\/comments?post=20928"}],"version-history":[{"count":0,"href":"https:\/\/chacosintesis.com.ar\/index.php\/wp-json\/wp\/v2\/posts\/20928\/revisions"}],"wp:featuredmedia":[{"embeddable":true,"href":"https:\/\/chacosintesis.com.ar\/index.php\/wp-json\/wp\/v2\/media\/20929"}],"wp:attachment":[{"href":"https:\/\/chacosintesis.com.ar\/index.php\/wp-json\/wp\/v2\/media?parent=20928"}],"wp:term":[{"taxonomy":"category","embeddable":true,"href":"https:\/\/chacosintesis.com.ar\/index.php\/wp-json\/wp\/v2\/categories?post=20928"},{"taxonomy":"post_tag","embeddable":true,"href":"https:\/\/chacosintesis.com.ar\/index.php\/wp-json\/wp\/v2\/tags?post=20928"}],"curies":[{"name":"wp","href":"https:\/\/api.w.org\/{rel}","templated":true}]}}