{"id":20926,"date":"2023-04-27T18:18:20","date_gmt":"2023-04-27T21:18:20","guid":{"rendered":"https:\/\/chacosintesis.com.ar\/?p=20926"},"modified":"2023-04-27T18:38:32","modified_gmt":"2023-04-27T21:38:32","slug":"capitanich-y-batakis-recorrieron-una-industria-en-ampliacion-y-otra-en-construccion-que-generaran-mas-empleo","status":"publish","type":"post","link":"https:\/\/chacosintesis.com.ar\/index.php\/capitanich-y-batakis-recorrieron-una-industria-en-ampliacion-y-otra-en-construccion-que-generaran-mas-empleo\/","title":{"rendered":"Capitanich y Batakis recorrieron una industria en ampliaci\u00f3n y otra en construcci\u00f3n, que generar\u00e1n m\u00e1s empleo"},"content":{"rendered":"<p>Se trata de las instalaciones de L\u00f3pez Hermanos, que invierte casi $2000 millones para incrementar la producci\u00f3n y fabricar tambi\u00e9n motos el\u00e9ctricas; y la obra del frigor\u00edfico en Margarita Bel\u00e9n, para la cual se gestiona un cr\u00e9dito del Banco Naci\u00f3n.<br \/>\nEl gobernador Jorge Capitanich y la presidenta del Banco de la Naci\u00f3n Argentina, (BNA) Silvina Batakis, visitaron este jueves la f\u00e1brica de bicicletas L\u00f3pez Hermanos, que comercializa bicicletas cl\u00e1sicas y el\u00e9ctricas, monopatines el\u00e9ctricos, accesorios y repuestos de motos; y est\u00e1 en proceso de expansi\u00f3n. Adem\u00e1s, en Margarita Bel\u00e9n, recorrieron la obra del frigor\u00edfico de Margarita Bel\u00e9n, para cuya finalizaci\u00f3n se gestiona un cr\u00e9dito de la entidad bancaria.<br \/>\nCon una inversi\u00f3n de $1.945 millones, L\u00f3pez Hermanos est\u00e1 ampliando su capacidad instalada para incrementar la producci\u00f3n y fabricar tambi\u00e9n motos el\u00e9ctricas, alcanzando una superficie total aproximada de 26.000 metros cuadrados.<br \/>\n\u201cPara octubre gran parte de esto ya va a estar concluido con un proceso de expansi\u00f3n, obviamente ejerciendo su liderazgo productivo\u201d, anticip\u00f3 Capitanich, y sostuvo: \u201cChaco se encamina claramente a constituirse como epicentro de la producci\u00f3n de bienes vinculados al deporte: pelotas de f\u00fatbol, b\u00e1squet, voley, accesorios, indumentaria deportiva y bicicletas\u201d.<br \/>\nL\u00f3pez Hermanos comercializa bicicletas de la marca Top Mega que es el segmento urbano, y de la marca Volta que es el segmento profesional. Tambi\u00e9n comercializa repuestos de motos, y es en ese segmento donde ahora tienen el proyecto de ampliaci\u00f3n de la planta para la fabricaci\u00f3n de motos el\u00e9ctricas.<br \/>\n\u201cEstamos produciendo 110.000 bicicletas tradicionales al a\u00f1o y con la ampliaci\u00f3n de la planta, que va a tener una nueva l\u00ednea de montaje, pretendemos llegar ya el primer a\u00f1o a 140 mil bicicletas. Tambi\u00e9n fabricamos bicicletas el\u00e9ctricas, lo cual queremos llegar a una producci\u00f3n de 10 mil por mes una vez que est\u00e9 inaugurada la nueva planta y por supuesto que todo esto acompa\u00f1a la gama de repuestos y accesorios\u201d, detall\u00f3 Mar\u00eda Eugenia L\u00f3pez, CEO de la empresa.<\/p>\n<p>Por otro lado comercializamos repuestos y accesorios de motos; ahora estamos incorporando esta unidad industrial que es la fabricaci\u00f3n de motos el\u00e9ctricas, de las cuales tenemos ya aprobadas por el INTI tres modelos. Ya producimos el primer lote de prototipo y estamos esperando los insumos de un lote de 600 motos m\u00e1s que las vamos a lanzar el a\u00f1o que viene ni bien est\u00e9 inaugurada la planta\u201d, detall\u00f3.<br \/>\nActualmente tiene un total de 180 trabajadoras y trabajadores con una proyecci\u00f3n de 50 empleos directos m\u00e1s y 80 indirectos a partir de la ampliaci\u00f3n. \u201cLo m\u00e1s importante es que todos los trabajadores y trabajadoras en general son egresados de escuelas de formaci\u00f3n profesional o trabajadores con entrenamiento laboral; j\u00f3venes que se incorporan al mercado del trabajo en \u00f3ptimas condiciones\u201d, resalt\u00f3 el mandatario, acompa\u00f1ado del ministro de Producci\u00f3n, Industria y Empleo, Sebasti\u00e1n Lifton.<\/p>\n<p>Continuando con la jornada de actividades y recorridas, Batakis y Capitanich visitaron la obra del frigor\u00edfico de Margarita Bel\u00e9n, acompa\u00f1ados tambi\u00e9n por el intendente local Javier Mart\u00ednez. \u201cCon el Banco Naci\u00f3n estamos trabajando en una l\u00ednea de pr\u00e9stamos de entre 1.600 y 2.000 millones de pesos para la terminaci\u00f3n del frigor\u00edfico, que implica la generaci\u00f3n de valor agregado en origen\u201d, indic\u00f3 el gobernador.<br \/>\nSe trata de una inversi\u00f3n privada, con acompa\u00f1amiento del Gobierno provincial, que generar\u00e1 una vez en actividad, entre 200 y 400 puestos de trabajo. \u201cAdem\u00e1s, mientras se van generando los procesos de expansi\u00f3n de la capacidad instalada de la f\u00e1brica, la industria de la construcci\u00f3n genera 100 empleos\u201d, destac\u00f3 Capitanich.<br \/>\nLa visita del gobernador y Batakis tiene que ver con la con la b\u00fasqueda de financiaci\u00f3n y apalancamiento para lograr la finalizaci\u00f3n de lo que significa la inversi\u00f3n para este megaproyecto, esta mega obra que va a tener un gran impacto, un impacto extraordinario en la generaci\u00f3n de empleo para nuestra localidad, obviamente, y para toda la zona\u201d, expres\u00f3 el intendente.<br \/>\nEl jefe comunal valor\u00f3 el aporte del gobierno provincial en el marco de este proyecto, dentro del cual se pudieron concretar distintas obras complementarias como la pavimentaci\u00f3n del camino para garantizar conectividad hacia el lugar donde funcionar\u00e1 el frigor\u00edfico. \u201cEstamos seguros que con las gestiones del gobernador Capitanich, se va a lograr terminar esta obra en el corto plazo y ponerla en marcha para generar fundamentalmente muchos puestos de trabajo\u201d, sostuvo Mart\u00ednez.<\/p>\n<p>$3000 millones en cr\u00e9ditos productivos<\/p>\n<p>Previamente, el gobernador y la titular del BNA rubricaron un convenio de bonificaci\u00f3n de tasas de cr\u00e9ditos para empresarias y empresarios chaque\u00f1os. El paquete total de los cr\u00e9ditos que se otorgar\u00e1n a proyectos de producci\u00f3n estrat\u00e9gicos para la provincia es de 3 mil millones de pesos.<br \/>\nEl financiamiento tiene un plazo m\u00ednimo de devoluci\u00f3n de 48 meses y de 60 meses como m\u00e1ximo. Los empresarios contar\u00e1n con un mecanismo de bonificaci\u00f3n de 10 puntos que correr\u00e1 a cuenta del Gobierno provincial, de manera que la tasa de inter\u00e9s quedar\u00e1 por debajo del 70%, mientras que la del mercado en general est\u00e1 en 113%.<br \/>\nSer\u00e1 el Ministerio de Producci\u00f3n, Industria y Empleo el ente que eval\u00fae las propuestas de cada emprendimiento. \u201cEn Chaco hay una pol\u00edtica activa de promover determinadas actividades para darle mayor complejidad, mayor volumen e integraci\u00f3n al entramado productivo, entonces ser\u00e1 la Provincia la que definir\u00e1 a qu\u00e9 sectores econ\u00f3micos les va a dar alcance con este cr\u00e9dito y nosotros vamos a ser el veh\u00edculo, poniendo el capital para que esto sea posible\u201d, se\u00f1al\u00f3 Batakis.<\/p>\n<p><<a href=\"http:\/\/www.avg.com\/email-signature?utm_medium=email&#038;utm_source=link&#038;utm_campaign=sig-email&#038;utm_content=webmail\">www.avg.com\/email-signature?utm_medium=email&amp;utm_source=link&amp;utm_campaign=sig-email&amp;utm_content=webmail<\/a>> Libre de virus.www.avg.com <<a href=\"http:\/\/www.avg.com\/email-signature?utm_medium=email&#038;utm_source=link&#038;utm_campaign=sig-email&#038;utm_content=webmail\">www.avg.com\/email-signature?utm_medium=email&amp;utm_source=link&amp;utm_campaign=sig-email&amp;utm_content=webmail<\/a>> <#DAB4FAD8-2DD7-40BB-A1B8-4E2AA1F9FDF2><\/p>\n","protected":false},"excerpt":{"rendered":"<p>Se trata de las instalaciones de L\u00f3pez Hermanos, que invierte casi $2000 millones para incrementar la producci\u00f3n y fabricar tambi\u00e9n motos el\u00e9ctricas; y la obra del frigor\u00edfico en Margarita Bel\u00e9n, para la cual se gestiona un cr\u00e9dito del Banco Naci\u00f3n. El gobernador Jorge Capitanich y la presidenta del Banco de la Naci\u00f3n Argentina, (BNA) Silvina [&hellip;]<\/p>\n","protected":false},"author":1,"featured_media":20927,"comment_status":"closed","ping_status":"closed","sticky":false,"template":"","format":"standard","meta":{"footnotes":""},"categories":[6],"tags":[],"class_list":{"0":"post-20926","1":"post","2":"type-post","3":"status-publish","4":"format-standard","5":"has-post-thumbnail","7":"category-chaco"},"_links":{"self":[{"href":"https:\/\/chacosintesis.com.ar\/index.php\/wp-json\/wp\/v2\/posts\/20926","targetHints":{"allow":["GET"]}}],"collection":[{"href":"https:\/\/chacosintesis.com.ar\/index.php\/wp-json\/wp\/v2\/posts"}],"about":[{"href":"https:\/\/chacosintesis.com.ar\/index.php\/wp-json\/wp\/v2\/types\/post"}],"author":[{"embeddable":true,"href":"https:\/\/chacosintesis.com.ar\/index.php\/wp-json\/wp\/v2\/users\/1"}],"replies":[{"embeddable":true,"href":"https:\/\/chacosintesis.com.ar\/index.php\/wp-json\/wp\/v2\/comments?post=20926"}],"version-history":[{"count":0,"href":"https:\/\/chacosintesis.com.ar\/index.php\/wp-json\/wp\/v2\/posts\/20926\/revisions"}],"wp:featuredmedia":[{"embeddable":true,"href":"https:\/\/chacosintesis.com.ar\/index.php\/wp-json\/wp\/v2\/media\/20927"}],"wp:attachment":[{"href":"https:\/\/chacosintesis.com.ar\/index.php\/wp-json\/wp\/v2\/media?parent=20926"}],"wp:term":[{"taxonomy":"category","embeddable":true,"href":"https:\/\/chacosintesis.com.ar\/index.php\/wp-json\/wp\/v2\/categories?post=20926"},{"taxonomy":"post_tag","embeddable":true,"href":"https:\/\/chacosintesis.com.ar\/index.php\/wp-json\/wp\/v2\/tags?post=20926"}],"curies":[{"name":"wp","href":"https:\/\/api.w.org\/{rel}","templated":true}]}}