{"id":20905,"date":"2023-04-26T21:29:38","date_gmt":"2023-04-27T00:29:38","guid":{"rendered":"https:\/\/chacosintesis.com.ar\/?p=20905"},"modified":"2023-04-26T21:36:45","modified_gmt":"2023-04-27T00:36:45","slug":"no-hay-acto-de-gobierno-mas-emotivo-que-el-de-entregar-la-llave-de-una-vivienda","status":"publish","type":"post","link":"https:\/\/chacosintesis.com.ar\/index.php\/no-hay-acto-de-gobierno-mas-emotivo-que-el-de-entregar-la-llave-de-una-vivienda\/","title":{"rendered":"\u201cNo hay acto de gobierno m\u00e1s emotivo que el de entregar la llave de una vivienda\u201d"},"content":{"rendered":"<p>El gobernador entreg\u00f3 viviendas a 12 familias, pertenecientes al programa \u201cCasa Propia \u2013 Construir Futuro\u201d. Las obras demandaron una inversi\u00f3n superior a los $310 millones. Est\u00e1n equipadas con una biblioteca familiar del programa \u201cLibros y Casas\u201d: Tambi\u00e9n se entregaron 80 actas de lotes, en el marco del proceso de regularizaci\u00f3n dominial.<\/p>\n<p>En el Barrio 20 de Septiembre, de Resistencia, el gobernador Jorge Capitanich entreg\u00f3 12 viviendas de un paquete de 45, construidas en el marco del programa nacional \u201cCasa Propia \u2013 Construir Futuro\u201d con una inversi\u00f3n de $136.006.452,39 en las obras y$ 173.562.058,34 en infraestructura y redes. Cada una de ellas fue equipada con una biblioteca familiar compuesta por 14 t\u00edtulos de distintos g\u00e9neros, editados e impresos especialmente para el Programa \u201cLibros y Casas\u201d del Ministerio de Cultura de Naci\u00f3n.<br \/>\n\u201cSiento una profunda emoci\u00f3n por poder compartir hoy con ustedes la alegr\u00eda de estas primeras 12 viviendas que entregamos, pero que, en definitiva, ser\u00e1n 45\u201d, expres\u00f3 el mandatario, acompa\u00f1ado por el presidente del Instituto Provincial de Desarrollo Urbano y Vivienda, Diego Ar\u00e9valo y los vocales Mirko Nicolich y Mariano Brahim.<br \/>\nEn el marco de la entrega, que incluy\u00f3 el otorgamiento de 80 actas de propiedad de lotes en la zona, el gobernador repar\u00f3 en la calidad de las obras, los 64 metros cuadrados de extensi\u00f3n de cada una de las viviendas, considerando que las familias beneficiadas por la entrega \u201crealmente van a poder disfrutar el derecho a la vivienda digna\u201d y remarcando, adem\u00e1s, que en el proceso han participado cerca de 18 trabajadores\u201d, destac\u00f3.<br \/>\n En ese contexto, Capitanich celebr\u00f3 la evoluci\u00f3n del asentamiento 20 de Septiembre hacia un barrio \u201cperfectamente urbanizado\u201d, y consider\u00f3 que se trata de \u201cuna transformaci\u00f3n extraordinaria, que, verdaderamente, los debe hacer sentir orgullosos\u201d. Destac\u00f3 las obras impulsadas por el Gobierno provincial en el marco de un proceso de urbanizaci\u00f3n de car\u00e1cter integral con infraestructura social b\u00e1sica, \u201cque implica energ\u00eda el\u00e9ctrica urbana, agua potable, adem\u00e1s de apertura de calles, veredas, e infraestructura indispensable\u201d, se\u00f1al\u00f3.<br \/>\nEl jefe del Ejecutivo chaque\u00f1o, tambi\u00e9n hizo referencia al \u201cdoble impacto en materia de derechos\u201d que significa la entrega de viviendas. En primer lugar, el derecho al trabajo digno de muchos trabajadores de la industria de la construcci\u00f3n, que ascienden a cerca de 15.000 en toda la provincia; y en segundo lugar, lo que significa la vivienda digna, y la llegada, a partir de distintas operatorias, de cerca de 8.000 a 10.000 viviendas con distintos mecanismos en el plan a nivel provincial, y otros mecanismos para soluciones habitacionales con otras fuentes de financiamiento.<br \/>\n\u201cNo hay acto de gobierno m\u00e1s emotivo que el de entregar la llave de una vivienda, porque ah\u00ed sabemos nosotros que eso es para siempre, es un legado para sus hijos, para sus nietos, muchas veces de otra manera ser\u00eda absolutamente imposible de acceder a una vivienda digna, as\u00ed que realmente esto es una reparaci\u00f3n hist\u00f3rica\u201d, finaliz\u00f3.<\/p>\n<p>Un proyecto de desarrollo urbano integral<\/p>\n<p>Por su parte el titular del IPDUV, Diego Ar\u00e9valo, destac\u00f3 el trabajo de reorganizaci\u00f3n de la zona \u201cque hemos intervenido \u00edntegramente\u201d, asegur\u00f3, recordando que se trataba de un asentamiento. En ese sentido, enfatiz\u00f3: \u201cHemos regularizado la cuesti\u00f3n dominial de las familias, y pudimos reorganizar la zona\u201d.<br \/>\nRatificando el proceso de reorganizaci\u00f3n de todo el barrio, el funcionario remarc\u00f3 que \u201cm\u00e1s de 107 familias van a recibir su acta de tenencia\u201d, adem\u00e1s de las primeras 12 familias recibir\u00e1n la llave de sus viviendas\u201d.<br \/>\nPonderando la calidad de las unidades entregadas, Ar\u00e9valo asegur\u00f3: \u201cLo que buscamos es que las viviendas sean dignas para nuestros vecinos y vecinas\u201d, apuntando adem\u00e1s al \u201cgran trabajo\u201d en materia de dise\u00f1o de los prototipos y la aceptaci\u00f3n por parte de Naci\u00f3n de \u201ctipolog\u00edas distintas\u201d (m\u00e1s grandes que las tradicionales), y con innovaci\u00f3n tecnol\u00f3gica (como termotanques solares y sistemas de aislamiento de fr\u00edo y calor). \u201cEstamos mejorando la calidad de las viviendas para tambi\u00e9n mejorar la calidad de vida de la gente\u201d, concluy\u00f3.<\/p>\n<p>Cuatro modelos, innovaci\u00f3n tecnol\u00f3gica e infraestructura<br \/>\n La obra, consistente en cuatro modelos Digna est\u00e1ndar, cuatro d\u00faplex y cuatro modelos L10 de 64 metros cuadrados y dos dormitorios cada una, demand\u00f3 una inversi\u00f3n total de $310.050.324,72 ($136.488.266,38 en obra y $ 173.562.058,34 en infraestructura y redes).<br \/>\nConstruidas con ladrillos, sus muros interiores cuentan con revoque completo y sus techos son de chapa con cielorraso de placas de yeso (interior) y PVC (exterior). Puertas y ventanas (con rejas) son de aluminio, mientras que las de interior son de placa.<br \/>\nCuentan con instalaci\u00f3n sanitaria con sistema est\u00e1tico (c\u00e1mara de inspecci\u00f3n, c\u00e1mara s\u00e9ptica y perforaci\u00f3n); instalaci\u00f3n de agua (provisi\u00f3n y distribuci\u00f3n de agua fr\u00eda y agua caliente), con tanque de reserva y tanque de bombeo (con bomba centr\u00edfuga) de 500 litros.<br \/>\nTodas las viviendas est\u00e1n equipadas con termotanque solar y su respectiva instalaci\u00f3n el\u00e9ctrica y sanitaria; un artefacto de cocina y mesada de granito en ese mismo sector. La zona cuenta con acceso vehicular, conductos de calle, red peatonal, red de desag\u00fces pluviales, red vehicular con apertura de calles, red el\u00e9ctrica de baja tensi\u00f3n y alumbrado p\u00fablico, y red de agua potable.<\/p>\n","protected":false},"excerpt":{"rendered":"<p>El gobernador entreg\u00f3 viviendas a 12 familias, pertenecientes al programa \u201cCasa Propia \u2013 Construir Futuro\u201d. Las obras demandaron una inversi\u00f3n superior a los $310 millones. Est\u00e1n equipadas con una biblioteca familiar del programa \u201cLibros y Casas\u201d: Tambi\u00e9n se entregaron 80 actas de lotes, en el marco del proceso de regularizaci\u00f3n dominial. En el Barrio 20 [&hellip;]<\/p>\n","protected":false},"author":1,"featured_media":20906,"comment_status":"closed","ping_status":"closed","sticky":false,"template":"","format":"standard","meta":{"footnotes":""},"categories":[6],"tags":[],"class_list":{"0":"post-20905","1":"post","2":"type-post","3":"status-publish","4":"format-standard","5":"has-post-thumbnail","7":"category-chaco"},"_links":{"self":[{"href":"https:\/\/chacosintesis.com.ar\/index.php\/wp-json\/wp\/v2\/posts\/20905","targetHints":{"allow":["GET"]}}],"collection":[{"href":"https:\/\/chacosintesis.com.ar\/index.php\/wp-json\/wp\/v2\/posts"}],"about":[{"href":"https:\/\/chacosintesis.com.ar\/index.php\/wp-json\/wp\/v2\/types\/post"}],"author":[{"embeddable":true,"href":"https:\/\/chacosintesis.com.ar\/index.php\/wp-json\/wp\/v2\/users\/1"}],"replies":[{"embeddable":true,"href":"https:\/\/chacosintesis.com.ar\/index.php\/wp-json\/wp\/v2\/comments?post=20905"}],"version-history":[{"count":0,"href":"https:\/\/chacosintesis.com.ar\/index.php\/wp-json\/wp\/v2\/posts\/20905\/revisions"}],"wp:featuredmedia":[{"embeddable":true,"href":"https:\/\/chacosintesis.com.ar\/index.php\/wp-json\/wp\/v2\/media\/20906"}],"wp:attachment":[{"href":"https:\/\/chacosintesis.com.ar\/index.php\/wp-json\/wp\/v2\/media?parent=20905"}],"wp:term":[{"taxonomy":"category","embeddable":true,"href":"https:\/\/chacosintesis.com.ar\/index.php\/wp-json\/wp\/v2\/categories?post=20905"},{"taxonomy":"post_tag","embeddable":true,"href":"https:\/\/chacosintesis.com.ar\/index.php\/wp-json\/wp\/v2\/tags?post=20905"}],"curies":[{"name":"wp","href":"https:\/\/api.w.org\/{rel}","templated":true}]}}