{"id":20888,"date":"2023-04-26T17:23:49","date_gmt":"2023-04-26T20:23:49","guid":{"rendered":"https:\/\/chacosintesis.com.ar\/?p=20888"},"modified":"2023-04-26T17:36:39","modified_gmt":"2023-04-26T20:36:39","slug":"ante-el-brote-historico-de-dengue-en-el-pais-insisten-en-la-prevencion-y-eliminacion-de-criaderos","status":"publish","type":"post","link":"https:\/\/chacosintesis.com.ar\/index.php\/ante-el-brote-historico-de-dengue-en-el-pais-insisten-en-la-prevencion-y-eliminacion-de-criaderos\/","title":{"rendered":"Ante el &#8220;brote hist\u00f3rico de Dengue en el pa\u00eds\u201d, insisten en la prevenci\u00f3n y eliminaci\u00f3n de criaderos"},"content":{"rendered":"<p>La funcionaria confirm\u00f3 que varias localidades de la provincia comenzaron a considerarse como \u201cen brote\u201d, en las \u00faltimas horas. Sin embargo, aclar\u00f3 que la \u201ccurva que se observa en la provincia es similar a la del pa\u00eds\u201d y destac\u00f3 que el Chaco fue una de las \u00faltimas en tener casos aut\u00f3ctonos. Reiter\u00f3 que \u201csin mosquito, no hay dengue\u201d y llam\u00f3 a eliminar los criaderos.<br \/>\n La subsecretaria de Promoci\u00f3n de la Salud de la provincia, Paula Sartor asegur\u00f3 que el actual brote de Dengue es uno \u201cde los m\u00e1s grandes de la historia en la Argentina\u201d e incluso est\u00e1 alcanzando jurisdicciones del pa\u00eds que, hasta el momento, nunca hab\u00edan registrados casos de la enfermedad como algunas provincias de la zona de Cuyo, con un clima \u00e1rido y frio.<br \/>\nEl Chaco no escapa a esta situaci\u00f3n y, de hecho, el \u00faltimo parte epidemiol\u00f3gico emitido por la cartera sanitaria dio cuenta de que los casos confirmados, desde el 1 de enero, han superado los 2000.<br \/>\nEn declaraciones a Radio Provincia, Sartor resalt\u00f3 que los casos \u201csiguen apareciendo\u201d tanto en las localidades que ya se hab\u00edan declarado inicialmente \u201cen brote\u201d como Resistencia, Charata y Basail (que fue la localidad que inici\u00f3 con casos aut\u00f3ctonos por su cercan\u00eda con la provincia de Santa Fe) y, en las \u00faltimas horas, se sumaron Quitilipi, Juan Jos\u00e9 Castelli, Santa Sylvina y S\u00e1enz Pe\u00f1a, que ya \u201csuperaron los 50 casos, con lo cual, tambi\u00e9n se encuentran en brote\u201d.<br \/>\nRecomendaciones<br \/>\nLa subsecretaria reiter\u00f3 que la \u201cprincipal recomendaci\u00f3n\u201d, tanto para la comunidad como para las autoridades municipales que colaboran con las acciones para mitigar los efectos del brote, es \u201celiminar todo lo que tiene que ver con reservorios donde pueda acumularse agua y se cr\u00eden las larvas de los mosquitos\u201d.<br \/>\n\u201cHay que recordar que los mosquitos son insectos que tienen un ciclo de vida con comportamientos diferentes en sus diferentes estadios: el adulto, es el que se v\u00e9 y por eso la gente solicita la fumigaci\u00f3n\u201d, explic\u00f3 y a\u00f1adi\u00f3: \u201cPero la fumigaci\u00f3n no es una estrategia \u00fatil porque el insecticida solo tiene efecto en el momento en que la part\u00edcula de insecticida est\u00e1 suspendida en el aire y eso dura media hora; una vez que toca el suelo, los mosquitos pueden pasar volando por arriba y no va a pasar nada.\u201d<br \/>\nEn ese marco, destac\u00f3 que \u201csi tenemos nuestros patios llenos de recipientes con larvas, hoy fumigamos y ma\u00f1ana vamos a tener la misma poblaci\u00f3n de mosquitos que tenemos hoy\u201d.<br \/>\nStock de reactivos<br \/>\nSartor asegur\u00f3 que la provincia \u201ccuenta con los reactivos necesarios para realizar los diagn\u00f3sticos de la enfermedad\u201d.<br \/>\nSin embargo, aclar\u00f3 que el Ministerio de Salud de la Naci\u00f3n emiti\u00f3 una gu\u00eda que establece dos formas de confirmaci\u00f3n diagn\u00f3stica para dengue: por un lado, en aquellas localidades donde no hay brotes, lo que corresponde es que las personas que tienen s\u00edntomas, se realicen la prueba de laboratorio para la confirmaci\u00f3n.<br \/>\nEn cambio, en localidades donde hay confirmaci\u00f3n de circulaci\u00f3n y est\u00e1n en brote, lo que recomienda el Ministerio de Salud de la Naci\u00f3n es realizar el diagn\u00f3stico \u201cpor nexo epidemiol\u00f3gico\u201d que es algo similar a lo hecho con la COVID-19. \u201cEsta estrategia que se usa en contexto de epidemia, tiene que ver con la necesidad de ser un uso racional de los reactivos que hay en disponibilidad a nivel del pa\u00eds, con lo cual, en este escenario epidemiol\u00f3gico, en las localidades que est\u00e1n en brote, cualquier persona con s\u00edntomas compatibles, es dengue por nexo epidemiol\u00f3gico\u201d, explic\u00f3.<br \/>\nPerspectivas<br \/>\nLa subsecretaria provincial destac\u00f3, de cara al corto plazo, que los datos registrados hasta ahora marcan un comportamiento de curva en el Chaco, \u201csimilar al que tiene el pa\u00eds\u201d y al registrado en otros brotes anteriores. \u201cAlrededor de cada 5 o 6 a\u00f1os, se da de manera sistem\u00e1tica un nuevo brote epidemiol\u00f3gico y esto es algo que es caracter\u00edstico del Dengue, que tiene un comportamiento c\u00edclico\u201d, afirm\u00f3.<br \/>\nEn ese sentido, remarc\u00f3 que en 2009 y 2016, a\u00f1os con n\u00famero de casos importantes en la provincia, \u201cel brote completo ha durado alrededor de 10 semanas, as\u00ed que ese es el comportamiento que estamos esperando\u201d. \u201cActualmente, atravesamos la quinta semana, sabiendo que tambi\u00e9n tenemos a favor que fuimos una de las \u00faltimas provincias del NEA en iniciar con casos aut\u00f3ctonos, por ende tenemos el inicio del brote mucho m\u00e1s cerca del invierno y eso tambi\u00e9n es un factor que nos va a ayudar para el cierre del brote\u201d, estim\u00f3.<\/p>\n","protected":false},"excerpt":{"rendered":"<p>La funcionaria confirm\u00f3 que varias localidades de la provincia comenzaron a considerarse como \u201cen brote\u201d, en las \u00faltimas horas. Sin embargo, aclar\u00f3 que la \u201ccurva que se observa en la provincia es similar a la del pa\u00eds\u201d y destac\u00f3 que el Chaco fue una de las \u00faltimas en tener casos aut\u00f3ctonos. Reiter\u00f3 que \u201csin mosquito, [&hellip;]<\/p>\n","protected":false},"author":1,"featured_media":20889,"comment_status":"closed","ping_status":"closed","sticky":false,"template":"","format":"standard","meta":{"footnotes":""},"categories":[6],"tags":[197],"class_list":{"0":"post-20888","1":"post","2":"type-post","3":"status-publish","4":"format-standard","5":"has-post-thumbnail","7":"category-chaco","8":"tag-destacada"},"_links":{"self":[{"href":"https:\/\/chacosintesis.com.ar\/index.php\/wp-json\/wp\/v2\/posts\/20888","targetHints":{"allow":["GET"]}}],"collection":[{"href":"https:\/\/chacosintesis.com.ar\/index.php\/wp-json\/wp\/v2\/posts"}],"about":[{"href":"https:\/\/chacosintesis.com.ar\/index.php\/wp-json\/wp\/v2\/types\/post"}],"author":[{"embeddable":true,"href":"https:\/\/chacosintesis.com.ar\/index.php\/wp-json\/wp\/v2\/users\/1"}],"replies":[{"embeddable":true,"href":"https:\/\/chacosintesis.com.ar\/index.php\/wp-json\/wp\/v2\/comments?post=20888"}],"version-history":[{"count":0,"href":"https:\/\/chacosintesis.com.ar\/index.php\/wp-json\/wp\/v2\/posts\/20888\/revisions"}],"wp:featuredmedia":[{"embeddable":true,"href":"https:\/\/chacosintesis.com.ar\/index.php\/wp-json\/wp\/v2\/media\/20889"}],"wp:attachment":[{"href":"https:\/\/chacosintesis.com.ar\/index.php\/wp-json\/wp\/v2\/media?parent=20888"}],"wp:term":[{"taxonomy":"category","embeddable":true,"href":"https:\/\/chacosintesis.com.ar\/index.php\/wp-json\/wp\/v2\/categories?post=20888"},{"taxonomy":"post_tag","embeddable":true,"href":"https:\/\/chacosintesis.com.ar\/index.php\/wp-json\/wp\/v2\/tags?post=20888"}],"curies":[{"name":"wp","href":"https:\/\/api.w.org\/{rel}","templated":true}]}}