{"id":20880,"date":"2023-04-25T17:41:58","date_gmt":"2023-04-25T20:41:58","guid":{"rendered":"https:\/\/chacosintesis.com.ar\/?p=20880"},"modified":"2023-04-25T18:06:39","modified_gmt":"2023-04-25T21:06:39","slug":"resistencia-sera-sede-del-tercer-plenario-del-consejo-federal-de-relaciones-exteriores-y-comercio-internacional","status":"publish","type":"post","link":"https:\/\/chacosintesis.com.ar\/index.php\/resistencia-sera-sede-del-tercer-plenario-del-consejo-federal-de-relaciones-exteriores-y-comercio-internacional\/","title":{"rendered":"Resistencia ser\u00e1 sede del tercer plenario del Consejo Federal de Relaciones Exteriores y Comercio Internacional"},"content":{"rendered":"<p>El encuentro, que se desarrollar\u00e1 este mi\u00e9rcoles en la provincia con la presencia del gobernador y la vicegobernadora, congregar\u00e1 a funcionarios y funcionarias nacionales.<br \/>\nEste mi\u00e9rcoles Resistencia ser\u00e1 sede del Tercer Plenario del Consejo Federal de Relaciones Exteriores y Comercio Internacional, que congregar\u00e1 a funcionarios y funcionarias nacionales y de todas las provincias del pa\u00eds. La jornada contar\u00e1 con la presencia del gobernador Jorge Capitanich, la vicegobernadora Anal\u00eda Rach Quiroga y los secretarios nacionales Cecilia Todesca Bocco (de Relaciones Econ\u00f3micas Internacionales) y Pablo Tettamanti (de Relaciones Exteriores).<br \/>\nEl Consejo Federal de Relaciones Exteriores y Comercio Internacional tiene como misi\u00f3n principal, establecida por el decreto 741\/2020 de Presidencia de la Naci\u00f3n, trabajar sobre realidades en una agenda com\u00fan que tenga que ver con la producci\u00f3n y el comercio exterior; pasos fronterizos; y corredores bioce\u00e1nicos. Entre esos objetivos tambi\u00e9n se destaca la promoci\u00f3n de pol\u00edticas p\u00fablicas culturales, migratorias, sanitarias de integraci\u00f3n y diversidad cultural con perspectiva de g\u00e9nero.<br \/>\nEl \u00f3rgano est\u00e1 integrado por el comit\u00e9 ejecutivo y cuenta con tres comisiones permanentes (Comercio Exterior y Promoci\u00f3n de Inversiones, Relaciones Internacionales y Cooperaci\u00f3n y Mercosur y Negociaciones Econ\u00f3micas) y dos especiales ( Malvinas, Ant\u00e1rtida e Islas del Atl\u00e1ntico Sur, e Integraci\u00f3n F\u00edsica y Energ\u00e9tica).<br \/>\nDel plenario tambi\u00e9n tomar\u00e1n parte los ministros provinciales Sebasti\u00e1n Lifton (de Producci\u00f3n, Industria y Empleo), Juan Manuel Chapo (de Gobierno y Trabajo) y Santiago P\u00e9rez Pons (de Planificaci\u00f3n, Econom\u00eda e Infraestructura); y los subsecretarios Ludmila Voloj (de Comercio Exterior y Defensa de la Competencia) y Ra\u00fal Bittel (de Gobierno).<br \/>\nLa realizaci\u00f3n del tercer plenario en el Chaco fue decidido por el Consejo durante la \u00faltima reuni\u00f3n de car\u00e1cter federal que se llev\u00f3 adelante en noviembre pasado en Ushuaia, Provincia de Tierra del Fuego, Ant\u00e1rtida e Islas del Atl\u00e1ntico Sur.<br \/>\nEl Consejo Federal de Relaciones Exteriores y Comercio Internacional fue creado mediante el decreto 741\/2020, bajo la \u00f3rbita del Ministerio de Relaciones Exteriores, Comercio Internacional y Culto.<br \/>\nSu objetivo es funcionar como foro de intercambio, consultas, asesoramiento y coordinaci\u00f3n entre el Estado Nacional, las provincias y la Ciudad Aut\u00f3noma de Buenos Aires en las cuestiones atinentes a la proyecci\u00f3n internacional; la integraci\u00f3n regional; la promoci\u00f3n de las exportaciones; la atracci\u00f3n de inversiones; y la cooperaci\u00f3n internacional<\/p>\n","protected":false},"excerpt":{"rendered":"<p>El encuentro, que se desarrollar\u00e1 este mi\u00e9rcoles en la provincia con la presencia del gobernador y la vicegobernadora, congregar\u00e1 a funcionarios y funcionarias nacionales. Este mi\u00e9rcoles Resistencia ser\u00e1 sede del Tercer Plenario del Consejo Federal de Relaciones Exteriores y Comercio Internacional, que congregar\u00e1 a funcionarios y funcionarias nacionales y de todas las provincias del pa\u00eds. [&hellip;]<\/p>\n","protected":false},"author":1,"featured_media":20881,"comment_status":"closed","ping_status":"closed","sticky":false,"template":"","format":"standard","meta":{"footnotes":""},"categories":[6],"tags":[],"class_list":{"0":"post-20880","1":"post","2":"type-post","3":"status-publish","4":"format-standard","5":"has-post-thumbnail","7":"category-chaco"},"_links":{"self":[{"href":"https:\/\/chacosintesis.com.ar\/index.php\/wp-json\/wp\/v2\/posts\/20880","targetHints":{"allow":["GET"]}}],"collection":[{"href":"https:\/\/chacosintesis.com.ar\/index.php\/wp-json\/wp\/v2\/posts"}],"about":[{"href":"https:\/\/chacosintesis.com.ar\/index.php\/wp-json\/wp\/v2\/types\/post"}],"author":[{"embeddable":true,"href":"https:\/\/chacosintesis.com.ar\/index.php\/wp-json\/wp\/v2\/users\/1"}],"replies":[{"embeddable":true,"href":"https:\/\/chacosintesis.com.ar\/index.php\/wp-json\/wp\/v2\/comments?post=20880"}],"version-history":[{"count":0,"href":"https:\/\/chacosintesis.com.ar\/index.php\/wp-json\/wp\/v2\/posts\/20880\/revisions"}],"wp:featuredmedia":[{"embeddable":true,"href":"https:\/\/chacosintesis.com.ar\/index.php\/wp-json\/wp\/v2\/media\/20881"}],"wp:attachment":[{"href":"https:\/\/chacosintesis.com.ar\/index.php\/wp-json\/wp\/v2\/media?parent=20880"}],"wp:term":[{"taxonomy":"category","embeddable":true,"href":"https:\/\/chacosintesis.com.ar\/index.php\/wp-json\/wp\/v2\/categories?post=20880"},{"taxonomy":"post_tag","embeddable":true,"href":"https:\/\/chacosintesis.com.ar\/index.php\/wp-json\/wp\/v2\/tags?post=20880"}],"curies":[{"name":"wp","href":"https:\/\/api.w.org\/{rel}","templated":true}]}}