{"id":20878,"date":"2023-04-25T17:35:05","date_gmt":"2023-04-25T20:35:05","guid":{"rendered":"https:\/\/chacosintesis.com.ar\/?p=20878"},"modified":"2023-04-25T17:37:31","modified_gmt":"2023-04-25T20:37:31","slug":"el-gobierno-provincial-y-organizaciones-no-gubernamental-trabajan-en-el-abordaje-de-consumos-problematicos","status":"publish","type":"post","link":"https:\/\/chacosintesis.com.ar\/index.php\/el-gobierno-provincial-y-organizaciones-no-gubernamental-trabajan-en-el-abordaje-de-consumos-problematicos\/","title":{"rendered":"El gobierno provincial y organizaciones no gubernamental trabajan en el abordaje de consumos problem\u00e1ticos"},"content":{"rendered":"<p>Capitanich visit\u00f3 el centro que atiende a 24 personas y se ubica en Fontana. El gobernador se comprometi\u00f3 a trabajar en conjunto en el marco de la declaraci\u00f3n de Emergencia por Consumos Problem\u00e1ticos.<br \/>\nEl gobernador Jorge Capitanich fue recibido este martes 25 por las autoridades y personal del Centro de Adicciones Vida Nova, un espacio para la rehabilitaci\u00f3n y contenci\u00f3n de personas con consumos problem\u00e1ticos. A este dispositivo concurren actualmente 24 personas de distintas edades, que reciben asistencia y acompa\u00f1amiento terape\u00fatico con psic\u00f3logos, operadores sociales y formadores. \u201cNuestro objetivo, a partir de la ley de Declaraci\u00f3n de Emergencia por Consumos Problem\u00e1ticos, es trabajar de modo conjunto para poder replicar este modelo que garantice el tratamiento de las personas que padecen un problema de adicci\u00f3n\u201d, dijo el gobernador.<br \/>\nVisa Nova es un centro de contenci\u00f3n y rehabilitaci\u00f3n de adicciones que funciona hace cuatro a\u00f1os, con internaci\u00f3n diaria en la avenida Augusto Rey 680 de Fontana.  Este espacio funciona con modalidad terap\u00e9utica, con talleres de arte, huerta, cocina y parque de animales; el \u00e1rea de oficio brinda formaci\u00f3n en electricidad, herrer\u00eda, carpinter\u00eda y cr\u00eda de animales. Adem\u00e1s cuenta con espacios psicol\u00f3gicos en grupo e individuales.<br \/>\nA lo largo de su trayectoria trabaj\u00f3 con 5.659 personas, de las cuales 37 fueron dadas de alta; y tiene capacidad para albergar a 39 personas para rehabilitaci\u00f3n directa y activa. Federico Hauptman, director Vida Nova, detall\u00f3 que en el lugar se brinda asistencia psicol\u00f3gica y terap\u00e9utica, as\u00ed como contenci\u00f3n familiar y de parejas, entre otras. Las personas que llegan se encuentran en situaci\u00f3n de consumo problem\u00e1tico (alcohol, drogas,  juego) y tambi\u00e9n asisten personas en situaci\u00f3n de violencia de g\u00e9nero.<br \/>\nPrevenci\u00f3n y lucha<br \/>\nCapitanich dijo que \u201cdebemos realizar la prevenci\u00f3n en las escuelas, en \u00e1mbitos comunitarios, en \u00e1mbitos laborales junto con este tipo de espacios de contenci\u00f3n y rehabilitaci\u00f3n. La adicci\u00f3n no solamente tiene que ver con el consumo de alcohol o sustancias ilegales, tiene que ver con todo tipo de conducta negativa para la vida de una persona que genera una dependencia y que genera una afectaci\u00f3n en sus relaciones personales, sociales, familiares\u201d.<br \/>\nLa ministra de Desarrollo Social, P\u00eda Chiacchio Cavana, consider\u00f3 que &#8220;el gobernador entendi\u00f3 la situaci\u00f3n de emergencia y gravedad que se vive a partir del consumo problem\u00e1tico de sustancias en la provincia&#8221; y que por ello se lleva adelante un trabajo conjunto entre distintos ministerios, para apuntalar espacios como \u00e9ste en el marco de dicha ley.<br \/>\nLa ley de Emergencia en Consumos Problem\u00e1ticos propuesta busca ampliar las redes de contenci\u00f3n, prevenci\u00f3n y asistencia a las personas afectadas por los consumos problem\u00e1ticos, sus familiares y referentes activos. Tambi\u00e9n pretende garantizar la atenci\u00f3n, asistencia sanitaria y psicosocial integral, gratuita y ambulatoria o de internaci\u00f3n a las personas afectadas.<br \/>\nPor su parte, la jefa comunal, Patricia Rodas, destac\u00f3 la labor que llevan adelante en Vida Nova y reafirm\u00f3 el compromiso municipal para colaborar en el merendero y el traslado de las personas que asisten al dispositivo.<\/p>\n","protected":false},"excerpt":{"rendered":"<p>Capitanich visit\u00f3 el centro que atiende a 24 personas y se ubica en Fontana. El gobernador se comprometi\u00f3 a trabajar en conjunto en el marco de la declaraci\u00f3n de Emergencia por Consumos Problem\u00e1ticos. El gobernador Jorge Capitanich fue recibido este martes 25 por las autoridades y personal del Centro de Adicciones Vida Nova, un espacio [&hellip;]<\/p>\n","protected":false},"author":1,"featured_media":20879,"comment_status":"closed","ping_status":"closed","sticky":false,"template":"","format":"standard","meta":{"footnotes":""},"categories":[6],"tags":[],"class_list":{"0":"post-20878","1":"post","2":"type-post","3":"status-publish","4":"format-standard","5":"has-post-thumbnail","7":"category-chaco"},"_links":{"self":[{"href":"https:\/\/chacosintesis.com.ar\/index.php\/wp-json\/wp\/v2\/posts\/20878","targetHints":{"allow":["GET"]}}],"collection":[{"href":"https:\/\/chacosintesis.com.ar\/index.php\/wp-json\/wp\/v2\/posts"}],"about":[{"href":"https:\/\/chacosintesis.com.ar\/index.php\/wp-json\/wp\/v2\/types\/post"}],"author":[{"embeddable":true,"href":"https:\/\/chacosintesis.com.ar\/index.php\/wp-json\/wp\/v2\/users\/1"}],"replies":[{"embeddable":true,"href":"https:\/\/chacosintesis.com.ar\/index.php\/wp-json\/wp\/v2\/comments?post=20878"}],"version-history":[{"count":0,"href":"https:\/\/chacosintesis.com.ar\/index.php\/wp-json\/wp\/v2\/posts\/20878\/revisions"}],"wp:featuredmedia":[{"embeddable":true,"href":"https:\/\/chacosintesis.com.ar\/index.php\/wp-json\/wp\/v2\/media\/20879"}],"wp:attachment":[{"href":"https:\/\/chacosintesis.com.ar\/index.php\/wp-json\/wp\/v2\/media?parent=20878"}],"wp:term":[{"taxonomy":"category","embeddable":true,"href":"https:\/\/chacosintesis.com.ar\/index.php\/wp-json\/wp\/v2\/categories?post=20878"},{"taxonomy":"post_tag","embeddable":true,"href":"https:\/\/chacosintesis.com.ar\/index.php\/wp-json\/wp\/v2\/tags?post=20878"}],"curies":[{"name":"wp","href":"https:\/\/api.w.org\/{rel}","templated":true}]}}