{"id":20846,"date":"2023-04-18T13:12:00","date_gmt":"2023-04-18T16:12:00","guid":{"rendered":"https:\/\/chacosintesis.com.ar\/?p=20846"},"modified":"2023-04-24T11:13:50","modified_gmt":"2023-04-24T14:13:50","slug":"el-retiro-voluntario-para-familiares-a-cargo-de-personas-con-discapacidad-a-un-paso-de-ser-ley","status":"publish","type":"post","link":"https:\/\/chacosintesis.com.ar\/index.php\/el-retiro-voluntario-para-familiares-a-cargo-de-personas-con-discapacidad-a-un-paso-de-ser-ley\/","title":{"rendered":"El retiro voluntario para familiares a cargo de personas con discapacidad a un paso de ser ley"},"content":{"rendered":"\n<p>El proyecto de ley presentado por la presidenta del Poder Legislativo, Elida Cuesta, que busca establecer un sistema de retiro voluntario m\u00f3vil para trabajadoras y trabajadores de planta permanente, que presten servicio en los poderes, jurisdicciones y entidades de la administraci\u00f3n p\u00fablica y sean progenitores o familiares a cargo de una persona con discapacidad, obtuvo dictamen favorable de la Comisi\u00f3n de Hacienda y Presupuesto, por lo que ser\u00e1 tratado este mi\u00e9rcoles.<br>De aprobarse la iniciativa acceder\u00e1n al beneficio del r\u00e9gimen especial instituido en esta ley las y los agentes que revisten como personal de planta permanente de la administraci\u00f3n p\u00fablica provincial sin l\u00edmite de edad y acrediten como m\u00ednimo quince a\u00f1os de aportes al Instituto de Seguridad Social, Seguros y Pr\u00e9stamos (Insssep).<br>A tal efecto ser\u00e1 computado el tiempo que el o la agente hubiere prestado servicio como personal transitorio y efectuado los aportes correspondientes al sistema previsional provincial.<br>S\u00f3lo podr\u00e1 acogerse al beneficio a raz\u00f3n de un agente por persona con discapacidad, debidamente legitimada mediante el Certificado \u00danico de Discapacidad (CUD) emitido por Instituto Provincial para la Inclusi\u00f3n de las Personas con Discapacidad (Iprodich).<br>El proyecto recibi\u00f3 opiniones muy constructivas y favorables tanto del Insssep como del Iprodich y, en la segunda mitad del a\u00f1o pasado, fue realizada una reformulaci\u00f3n a la propuesta incorporando aportes de los organismos mencionados. As\u00ed, el pasado lunes 17 de abril, las y los legisladores que integran la Comisi\u00f3n de Hacienda y Presupuesto emitieron por unanimidad un despacho aprobatorio<\/p>\n","protected":false},"excerpt":{"rendered":"<p>El proyecto de ley presentado por la presidenta del Poder Legislativo, Elida Cuesta, que busca establecer un sistema de retiro voluntario m\u00f3vil para trabajadoras y trabajadores de planta permanente, que presten servicio en los poderes, jurisdicciones y entidades de la administraci\u00f3n p\u00fablica y sean progenitores o familiares a cargo de una persona con discapacidad, obtuvo [&hellip;]<\/p>\n","protected":false},"author":1,"featured_media":20847,"comment_status":"closed","ping_status":"closed","sticky":false,"template":"","format":"standard","meta":{"footnotes":""},"categories":[6],"tags":[202],"class_list":{"0":"post-20846","1":"post","2":"type-post","3":"status-publish","4":"format-standard","5":"has-post-thumbnail","7":"category-chaco","8":"tag-legislatura"},"_links":{"self":[{"href":"https:\/\/chacosintesis.com.ar\/index.php\/wp-json\/wp\/v2\/posts\/20846","targetHints":{"allow":["GET"]}}],"collection":[{"href":"https:\/\/chacosintesis.com.ar\/index.php\/wp-json\/wp\/v2\/posts"}],"about":[{"href":"https:\/\/chacosintesis.com.ar\/index.php\/wp-json\/wp\/v2\/types\/post"}],"author":[{"embeddable":true,"href":"https:\/\/chacosintesis.com.ar\/index.php\/wp-json\/wp\/v2\/users\/1"}],"replies":[{"embeddable":true,"href":"https:\/\/chacosintesis.com.ar\/index.php\/wp-json\/wp\/v2\/comments?post=20846"}],"version-history":[{"count":0,"href":"https:\/\/chacosintesis.com.ar\/index.php\/wp-json\/wp\/v2\/posts\/20846\/revisions"}],"wp:featuredmedia":[{"embeddable":true,"href":"https:\/\/chacosintesis.com.ar\/index.php\/wp-json\/wp\/v2\/media\/20847"}],"wp:attachment":[{"href":"https:\/\/chacosintesis.com.ar\/index.php\/wp-json\/wp\/v2\/media?parent=20846"}],"wp:term":[{"taxonomy":"category","embeddable":true,"href":"https:\/\/chacosintesis.com.ar\/index.php\/wp-json\/wp\/v2\/categories?post=20846"},{"taxonomy":"post_tag","embeddable":true,"href":"https:\/\/chacosintesis.com.ar\/index.php\/wp-json\/wp\/v2\/tags?post=20846"}],"curies":[{"name":"wp","href":"https:\/\/api.w.org\/{rel}","templated":true}]}}