{"id":20843,"date":"2023-04-19T20:07:00","date_gmt":"2023-04-19T23:07:00","guid":{"rendered":"https:\/\/chacosintesis.com.ar\/?p=20843"},"modified":"2023-04-24T11:12:08","modified_gmt":"2023-04-24T14:12:08","slug":"cuesta-que-cada-persona-que-necesite-ayuda-con-las-adicciones-tenga-un-estado-presente","status":"publish","type":"post","link":"https:\/\/chacosintesis.com.ar\/index.php\/cuesta-que-cada-persona-que-necesite-ayuda-con-las-adicciones-tenga-un-estado-presente\/","title":{"rendered":"Cuesta: \u201cQue cada persona que necesite ayuda con las adicciones tenga un Estado presente\u201d"},"content":{"rendered":"\n<p>Ante el preocupante aumento de casos de consumo sustancias de las y los j\u00f3venes, advertido por la presidenta del Poder Legislativo, Elida Cuesta, en 2017, plasmado en un proyecto de ley, y con el reciente plan integral lanzado por el Ejecutivo provincial, el Poder Legislativo sancion\u00f3, este mi\u00e9rcoles, la Ley 3808-G de Emergencia en Consumos Problem\u00e1ticos en la provincia.<br>La normativa propone atender el \u201cconsumo problem\u00e1tico de sustancias toxicas\u201d desde una mirada integral, permitiendo la incorporaci\u00f3n del n\u00facleo familiar de los sujetos en situaci\u00f3n de consumo, como eje fundamental de todo abordaje terap\u00e9utico y legal, articulando con las instituciones del Estado, instituciones religiosas, pol\u00edticas, del sector privado, como as\u00ed tambi\u00e9n de la sociedad en general.<br>Cuesta resalt\u00f3 que esta ley es una herramienta fundamental para que el Estado en su conjunto y la sociedad entera unifiquen una pol\u00edtica de prevenci\u00f3n, tratamiento y contenci\u00f3n de todas las personas que necesiten ayuda. \u201cUna emergencia requiere una mirada integral, transversal y multisectorial para avanzar hacia una soluci\u00f3n de este flagelo y que cada persona en la provincia que necesite ayuda con las adicciones tenga un Estado y una sociedad presente\u201d, asegur\u00f3.<br>Asimismo, marc\u00f3 la importancia social de esta iniciativa que ha sido postergada por tantos a\u00f1os. \u201cCelebro la voluntad pol\u00edtica de afrontar esta problem\u00e1tica, nosotros presentamos esta ley en 2017, porque ve\u00edamos en cada recorrida por el interior provincial muchas madres, padres y hermanos que estaban pasando familiarmente por esta situaci\u00f3n y la verdad es que existen pocos lugares de tratamiento y los centros privados son muy caros\u201d, manifest\u00f3 la titular legislativa.<br>Por otra parte, afirm\u00f3 que el proyecto no es nada oneroso para el Estado provincial y que se deben dotar del personal adecuado los nuevos centros de atenci\u00f3n. \u201cNosotros abrimos el proyecto al consenso, incorporando todo lo que el Poder Ejecutivo ped\u00eda, principalmente que todos los ministerios involucrados tengan compromiso y responsabilidad\u201d, asever\u00f3.<br>Adem\u00e1s, Cuesta recalc\u00f3 que todas las familias que tienen un familiar con problemas de adicci\u00f3n siguen de cerca la modificaci\u00f3n de la Ley de Salud mental a nivel nacional. \u201cEste proyecto lo llevamos a cabo desde el lugar de una familia que tiene un miembro con problemas de adicciones. Es muy dif\u00edcil que una persona con problemas de adicci\u00f3n tenga la intenci\u00f3n de internarse voluntariamente, por lo que estamos muy atentos a la modificaci\u00f3n de la Ley de Salud Mental para que desde la familia podamos actuar\u201d, sentenci\u00f3.<br>Por \u00faltimo, convoc\u00f3 a la sociedad a cambiar la mirada para brindar una verdadera contenci\u00f3n. \u201cUna persona que cae en adicciones necesita la contenci\u00f3n familiar. Hoy nos acompa\u00f1a Mimi, una mam\u00e1 que vino desde Charata a tratar a su hijo por un problema de adicci\u00f3n y, si tuvi\u00e9ramos un centro en esta localidad, ella no se tendr\u00eda que trasladar hasta Resistencia; lo hace por el amor que siente y por eso necesitamos que se habiliten con urgencia centros terap\u00e9uticos en el interior provincial\u201d, remarc\u00f3 la presidenta.<\/p>\n\n\n\n<p>Una iniciativa para ayudar a las familias<br>Noem\u00ed Sosa, madre de un joven en tratamiento en adicciones, asegur\u00f3 que &#8220;es muy importante esta ley para ayudar a nuestros hijos. Por mi parte, tuve que recurrir a la Justicia para que mi hijo sea internado y trasladarnos hasta ac\u00e1, por lo que considero fundamental esta herramienta, sobre todo para quienes no podemos acceder a los tratamientos privados&#8221;<\/p>\n","protected":false},"excerpt":{"rendered":"<p>Ante el preocupante aumento de casos de consumo sustancias de las y los j\u00f3venes, advertido por la presidenta del Poder Legislativo, Elida Cuesta, en 2017, plasmado en un proyecto de ley, y con el reciente plan integral lanzado por el Ejecutivo provincial, el Poder Legislativo sancion\u00f3, este mi\u00e9rcoles, la Ley 3808-G de Emergencia en Consumos [&hellip;]<\/p>\n","protected":false},"author":1,"featured_media":20844,"comment_status":"closed","ping_status":"closed","sticky":false,"template":"","format":"standard","meta":{"footnotes":""},"categories":[6],"tags":[202],"class_list":{"0":"post-20843","1":"post","2":"type-post","3":"status-publish","4":"format-standard","5":"has-post-thumbnail","7":"category-chaco","8":"tag-legislatura"},"_links":{"self":[{"href":"https:\/\/chacosintesis.com.ar\/index.php\/wp-json\/wp\/v2\/posts\/20843","targetHints":{"allow":["GET"]}}],"collection":[{"href":"https:\/\/chacosintesis.com.ar\/index.php\/wp-json\/wp\/v2\/posts"}],"about":[{"href":"https:\/\/chacosintesis.com.ar\/index.php\/wp-json\/wp\/v2\/types\/post"}],"author":[{"embeddable":true,"href":"https:\/\/chacosintesis.com.ar\/index.php\/wp-json\/wp\/v2\/users\/1"}],"replies":[{"embeddable":true,"href":"https:\/\/chacosintesis.com.ar\/index.php\/wp-json\/wp\/v2\/comments?post=20843"}],"version-history":[{"count":0,"href":"https:\/\/chacosintesis.com.ar\/index.php\/wp-json\/wp\/v2\/posts\/20843\/revisions"}],"wp:featuredmedia":[{"embeddable":true,"href":"https:\/\/chacosintesis.com.ar\/index.php\/wp-json\/wp\/v2\/media\/20844"}],"wp:attachment":[{"href":"https:\/\/chacosintesis.com.ar\/index.php\/wp-json\/wp\/v2\/media?parent=20843"}],"wp:term":[{"taxonomy":"category","embeddable":true,"href":"https:\/\/chacosintesis.com.ar\/index.php\/wp-json\/wp\/v2\/categories?post=20843"},{"taxonomy":"post_tag","embeddable":true,"href":"https:\/\/chacosintesis.com.ar\/index.php\/wp-json\/wp\/v2\/tags?post=20843"}],"curies":[{"name":"wp","href":"https:\/\/api.w.org\/{rel}","templated":true}]}}