{"id":20840,"date":"2023-04-17T13:15:00","date_gmt":"2023-04-17T16:15:00","guid":{"rendered":"https:\/\/chacosintesis.com.ar\/?p=20840"},"modified":"2023-04-24T11:06:47","modified_gmt":"2023-04-24T14:06:47","slug":"cuesta-destaco-el-trabajo-social-del-merendero-creciendo-juntos-hay-que-escuchar-las-demandas","status":"publish","type":"post","link":"https:\/\/chacosintesis.com.ar\/index.php\/cuesta-destaco-el-trabajo-social-del-merendero-creciendo-juntos-hay-que-escuchar-las-demandas\/","title":{"rendered":"Cuesta destac\u00f3 el trabajo social del merendero Creciendo Juntos: \u201cHay que escuchar las demandas\u201d"},"content":{"rendered":"\n<p>Elida Cuesta contin\u00faa recorriendo los merenderos y comedores de Resistencia, esta vez acerc\u00f3 donaciones a Creciendo Juntos, de la fundaci\u00f3n Dinamita, en el barrio Bettina V\u00e1squez, donde destac\u00f3 el trabajo de Yanina Frutos e Ivana Barbetti. En el lugar, ambas encargadas brindan diariamente un plato de comida a m\u00e1s de 70 ni\u00f1as y ni\u00f1os, adem\u00e1s de ayudar con apoyo escolar y llevar adelante una huerta comunitaria y actividades deportivas.<br>Cuesta se\u00f1al\u00f3 que esto es un legado del militante radical y gran amigo Jos\u00e9 Barbetti y agreg\u00f3 que \u201cfue \u00e9l quien acompa\u00f1\u00f3 la fundaci\u00f3n de este merendero que hoy ha aumentado en n\u00famero de chicos, tambi\u00e9n de las actividades que realizan, la huerta que ellos tienen para obtener sus propios alimentos y los equipos de f\u00fatbol que ahora van a participar de torneos, a quienes vamos a ayudar con las remeras\u201d.<br>En ese sentido, la dirigente a\u00f1adi\u00f3 que cuando se habla de estar en el territorio es acompa\u00f1ar y escuchar las demandas, ya que \u201cesto est\u00e1 organizado por las y los vecinos, por Ivana, por todos los que colaboran ad honorem\u201d, y remarc\u00f3 adem\u00e1s que en todos los barrios hay gente como Ivana, como Yanina, que tienen muchas ganas de colaborar, y a esas personas hay que apoyar para que sigan ayudando.<\/p>\n\n\n\n<p>\u201cAc\u00e1 est\u00e1n los hechos\u201d<br>Yanina Frutos se\u00f1al\u00f3 que est\u00e1n todos los d\u00edas con m\u00e1s de 70 chicos, trabajando en lo social. \u201cLunes, mi\u00e9rcoles y viernes tenemos el potrero con diferentes categor\u00edas, con merienda antes del entrenamiento y cena despu\u00e9s. Martes y jueves tenemos clases de apoyo con merienda y de lunes a viernes, por la ma\u00f1ana, tenemos el trabajo de huerta, que es un trabajo social. Todo lo que se siembra y cosecha es utilizado en cada cena de cada chico\u201d, recalc\u00f3.<br>As\u00ed tambi\u00e9n remarc\u00f3 que \u201cac\u00e1 est\u00e1n los hechos, y estamos soportando todo porque aguantamos mucho; ac\u00e1 tenemos a los chicos todos los d\u00edas, as\u00ed que hay que ponerle el pecho y el coraz\u00f3n y seguir adelante\u201d.<br>Por su parte, Ivana Barbetti destac\u00f3 que cuesta, pero hoy, con trabajo y equipo, con voluntad y empat\u00eda, se puede. \u201cPorque la verdad que no es f\u00e1cil donar siempre la carne, las verduras, que es lo que m\u00e1s se necesita, porque con un paquete de harina o uno de arroz no hace una comida. Los chicos necesitan alimentarse bien y para eso nosotros tratamos siempre de estar presentes. Es dif\u00edcil, pero no imposible\u201d, concluy\u00f3<\/p>\n","protected":false},"excerpt":{"rendered":"<p>Elida Cuesta contin\u00faa recorriendo los merenderos y comedores de Resistencia, esta vez acerc\u00f3 donaciones a Creciendo Juntos, de la fundaci\u00f3n Dinamita, en el barrio Bettina V\u00e1squez, donde destac\u00f3 el trabajo de Yanina Frutos e Ivana Barbetti. En el lugar, ambas encargadas brindan diariamente un plato de comida a m\u00e1s de 70 ni\u00f1as y ni\u00f1os, adem\u00e1s [&hellip;]<\/p>\n","protected":false},"author":1,"featured_media":20841,"comment_status":"closed","ping_status":"closed","sticky":false,"template":"","format":"standard","meta":{"footnotes":""},"categories":[6],"tags":[202],"class_list":{"0":"post-20840","1":"post","2":"type-post","3":"status-publish","4":"format-standard","5":"has-post-thumbnail","7":"category-chaco","8":"tag-legislatura"},"_links":{"self":[{"href":"https:\/\/chacosintesis.com.ar\/index.php\/wp-json\/wp\/v2\/posts\/20840","targetHints":{"allow":["GET"]}}],"collection":[{"href":"https:\/\/chacosintesis.com.ar\/index.php\/wp-json\/wp\/v2\/posts"}],"about":[{"href":"https:\/\/chacosintesis.com.ar\/index.php\/wp-json\/wp\/v2\/types\/post"}],"author":[{"embeddable":true,"href":"https:\/\/chacosintesis.com.ar\/index.php\/wp-json\/wp\/v2\/users\/1"}],"replies":[{"embeddable":true,"href":"https:\/\/chacosintesis.com.ar\/index.php\/wp-json\/wp\/v2\/comments?post=20840"}],"version-history":[{"count":0,"href":"https:\/\/chacosintesis.com.ar\/index.php\/wp-json\/wp\/v2\/posts\/20840\/revisions"}],"wp:featuredmedia":[{"embeddable":true,"href":"https:\/\/chacosintesis.com.ar\/index.php\/wp-json\/wp\/v2\/media\/20841"}],"wp:attachment":[{"href":"https:\/\/chacosintesis.com.ar\/index.php\/wp-json\/wp\/v2\/media?parent=20840"}],"wp:term":[{"taxonomy":"category","embeddable":true,"href":"https:\/\/chacosintesis.com.ar\/index.php\/wp-json\/wp\/v2\/categories?post=20840"},{"taxonomy":"post_tag","embeddable":true,"href":"https:\/\/chacosintesis.com.ar\/index.php\/wp-json\/wp\/v2\/tags?post=20840"}],"curies":[{"name":"wp","href":"https:\/\/api.w.org\/{rel}","templated":true}]}}