{"id":20834,"date":"2023-04-13T13:31:00","date_gmt":"2023-04-13T16:31:00","guid":{"rendered":"https:\/\/chacosintesis.com.ar\/?p=20834"},"modified":"2023-04-24T11:03:20","modified_gmt":"2023-04-24T14:03:20","slug":"diputados-prorrogaron-la-emergencia-social-por-violencia-de-genero","status":"publish","type":"post","link":"https:\/\/chacosintesis.com.ar\/index.php\/diputados-prorrogaron-la-emergencia-social-por-violencia-de-genero\/","title":{"rendered":"Diputados prorrogaron la Emergencia Social por Violencia de G\u00e9nero"},"content":{"rendered":"\n<p>Ante la grave situaci\u00f3n que vive la provincia por el aumento de femicidios y denuncias por violencia de g\u00e9nero se abord\u00f3 el tratamiento, en las comisiones de G\u00e9nero, Diversidad y Familia; y de Ni\u00f1as, Ni\u00f1os y Adolescentes, del proyecto que prorroga por el t\u00e9rmino de dos a\u00f1os la Emergencia Social por Violencia de G\u00e9nero. La iniciativa fue aprobada como Ley 3797-G. En ese sentido, la presidenta del Poder Legislativo y autora de uno de los proyectos, Elida Cuesta, destac\u00f3 el trabajo que se realiza en la provincia en materia de g\u00e9nero, sin embargo remarc\u00f3 que \u201cfalta mucho por hacer\u201d.<br>Tras la exposici\u00f3n en el recinto de los altos \u00edndices de este flagelo, Cuesta se\u00f1al\u00f3 que \u201ctuvimos esta iniciativa y decretamos la Emergencia en Violencia de G\u00e9nero hace unos a\u00f1os y muchas de las cuestiones que se plantearon en esa ley fueron tenidas en cuenta, incluso en el presupuesto, donde se incorpor\u00f3 la partida para abordar la perspectiva de g\u00e9nero\u201d.<br>Para la titular de la Legislatura es un compromiso legislar con perspectiva de g\u00e9nero y que sea parte de la agenda provincial. \u201cTres femicidios que ya se produjeron en lo que va del a\u00f1o, m\u00e1s todos los casos de violencia que est\u00e1n siendo denunciados, m\u00e1s toda la sociedad que reclama por las cosas que no se hacen, porque va y no tienen en cuenta cuando denuncia, se burlan. O sea, falta mucho por hacer. M\u00e1s de todo lo que se hizo\u201d, agreg\u00f3 y manifest\u00f3 que esto no va en contra ni del gobierno, ni de los organismos de aplicaci\u00f3n de la ley, sino que es un aporte m\u00e1s y significa tambi\u00e9n tener m\u00e1s recursos para trabajar en la materia y hacer todo lo que haga falta.<br>Finalmente, la diputada resalt\u00f3 que \u201cesto nos encuentre unidos para trabajar en esta tem\u00e1tica para nosotros es muy importante. Ya que est\u00e1bamos hace unos d\u00edas en Quitilipi, donde se produjo el \u00faltimo femicidio, el caso de Antonella y Evaristo, donde me dec\u00edan los pap\u00e1s que hubo denuncias previas. Fue un caso que pudo haberse evitado. Y bueno, quiere decir que en alguna parte, en alg\u00fan lugar, estamos fallando todav\u00eda como sociedad. Y nadie se tiene que enojar por esto. Todos tenemos que hacernos cargo y cada uno tiene que aportar su granito de arena\u201d<\/p>\n","protected":false},"excerpt":{"rendered":"<p>Ante la grave situaci\u00f3n que vive la provincia por el aumento de femicidios y denuncias por violencia de g\u00e9nero se abord\u00f3 el tratamiento, en las comisiones de G\u00e9nero, Diversidad y Familia; y de Ni\u00f1as, Ni\u00f1os y Adolescentes, del proyecto que prorroga por el t\u00e9rmino de dos a\u00f1os la Emergencia Social por Violencia de G\u00e9nero. La [&hellip;]<\/p>\n","protected":false},"author":1,"featured_media":20835,"comment_status":"closed","ping_status":"closed","sticky":false,"template":"","format":"standard","meta":{"footnotes":""},"categories":[6],"tags":[202],"class_list":{"0":"post-20834","1":"post","2":"type-post","3":"status-publish","4":"format-standard","5":"has-post-thumbnail","7":"category-chaco","8":"tag-legislatura"},"_links":{"self":[{"href":"https:\/\/chacosintesis.com.ar\/index.php\/wp-json\/wp\/v2\/posts\/20834","targetHints":{"allow":["GET"]}}],"collection":[{"href":"https:\/\/chacosintesis.com.ar\/index.php\/wp-json\/wp\/v2\/posts"}],"about":[{"href":"https:\/\/chacosintesis.com.ar\/index.php\/wp-json\/wp\/v2\/types\/post"}],"author":[{"embeddable":true,"href":"https:\/\/chacosintesis.com.ar\/index.php\/wp-json\/wp\/v2\/users\/1"}],"replies":[{"embeddable":true,"href":"https:\/\/chacosintesis.com.ar\/index.php\/wp-json\/wp\/v2\/comments?post=20834"}],"version-history":[{"count":0,"href":"https:\/\/chacosintesis.com.ar\/index.php\/wp-json\/wp\/v2\/posts\/20834\/revisions"}],"wp:featuredmedia":[{"embeddable":true,"href":"https:\/\/chacosintesis.com.ar\/index.php\/wp-json\/wp\/v2\/media\/20835"}],"wp:attachment":[{"href":"https:\/\/chacosintesis.com.ar\/index.php\/wp-json\/wp\/v2\/media?parent=20834"}],"wp:term":[{"taxonomy":"category","embeddable":true,"href":"https:\/\/chacosintesis.com.ar\/index.php\/wp-json\/wp\/v2\/categories?post=20834"},{"taxonomy":"post_tag","embeddable":true,"href":"https:\/\/chacosintesis.com.ar\/index.php\/wp-json\/wp\/v2\/tags?post=20834"}],"curies":[{"name":"wp","href":"https:\/\/api.w.org\/{rel}","templated":true}]}}