{"id":20831,"date":"2023-04-12T18:00:00","date_gmt":"2023-04-12T21:00:00","guid":{"rendered":"https:\/\/chacosintesis.com.ar\/?p=20831"},"modified":"2023-04-24T11:01:27","modified_gmt":"2023-04-24T14:01:27","slug":"diputadas-recibieron-a-trabajadoras-de-sefecha-despedidas-y-constituiran-comisiones-permanentes-para-analizar-el-caso","status":"publish","type":"post","link":"https:\/\/chacosintesis.com.ar\/index.php\/diputadas-recibieron-a-trabajadoras-de-sefecha-despedidas-y-constituiran-comisiones-permanentes-para-analizar-el-caso\/","title":{"rendered":"Diputadas recibieron a trabajadoras de Sefecha despedidas y constituir\u00e1n comisiones permanentes para analizar el caso"},"content":{"rendered":"\n<p>La presidenta del Poder Legislativo, Elida Cuesta, junto a las diputadas Paola Ben\u00edtez, Silvina Canteros Reiser, Zulma Galeano, Alicia Digiuni y Gricelda Ojeda, mantuvo una reuni\u00f3n con un grupo de trabajadoras que pertenec\u00edan a la ferroviaria Sefecha, quienes relataron la situaci\u00f3n que enfrentan ante su desvinculaci\u00f3n laboral de la empresa provincial.<br>En este marco, la legisladora Ben\u00edtez explic\u00f3: \u201cRecibimos a seis trabajadoras de Sefecha, quienes nos manifestaron haber sido desvinculadas de esta empresa y haber sufrido diferentes situaciones de violencia. Las hemos escuchado y nos comprometimos en avanzar en lo que signifique la erradicaci\u00f3n de toda violencia que pudieron haber sufrido, intervenir con las diferentes partes para hacer una evaluaci\u00f3n, pedir un informe y, en base a esto, ayudar a que esto se resuelva pronto\u201d.<br>\u201cPor sobre todas las cosas -destac\u00f3- ac\u00e1 hay algo que nos interpela, y que tiene que ver con lo que se viene combatiendo, que es la violencia hacia las mujeres. As\u00ed que desde este lugar, desde el Poder Legislativo, y en particular desde la Comisi\u00f3n de G\u00e9nero que presido, nos vamos a constituir acompa\u00f1ando a estas mujeres e invitaremos a la Comisi\u00f3n de Derechos Humanos a trabajar en conjunto\u201d.<br>En tanto la diputada Canteros Reiser se\u00f1al\u00f3 que estuvieron conversando con las trabajadoras sobre este hecho &#8220;que la verdad que nos parece bastante irregular, porque manifiestan situaciones de precarizaci\u00f3n laboral, de ejercicio abusivo del ius variandi dentro de la empresa y, por \u00faltimo, despidos sin notificaci\u00f3n previa en algunos casos y en otros directamente sin notificaci\u00f3n\u201d.<br>\u201cNos parece bastante grave la situaci\u00f3n que plantean las trabajadoras, por eso las hemos recibido, y creo que amerita alg\u00fan pedido de informes que es lo que est\u00e1bamos charlando con las legisladoras\u201d, sostuvo la legisladora. &#8220;Nos parece importante, sobre todo cuando hablamos de actos discriminatorios y de violencia de g\u00e9nero, en este caso violencia laboral, como representantes del pueblo, tener alguna iniciativa para que se esclarezcan los hechos y tambi\u00e9n para que nos pronunciemos al respecto\u201d, concluy\u00f3<\/p>\n","protected":false},"excerpt":{"rendered":"<p>La presidenta del Poder Legislativo, Elida Cuesta, junto a las diputadas Paola Ben\u00edtez, Silvina Canteros Reiser, Zulma Galeano, Alicia Digiuni y Gricelda Ojeda, mantuvo una reuni\u00f3n con un grupo de trabajadoras que pertenec\u00edan a la ferroviaria Sefecha, quienes relataron la situaci\u00f3n que enfrentan ante su desvinculaci\u00f3n laboral de la empresa provincial.En este marco, la legisladora [&hellip;]<\/p>\n","protected":false},"author":1,"featured_media":20832,"comment_status":"closed","ping_status":"closed","sticky":false,"template":"","format":"standard","meta":{"footnotes":""},"categories":[6],"tags":[202],"class_list":{"0":"post-20831","1":"post","2":"type-post","3":"status-publish","4":"format-standard","5":"has-post-thumbnail","7":"category-chaco","8":"tag-legislatura"},"_links":{"self":[{"href":"https:\/\/chacosintesis.com.ar\/index.php\/wp-json\/wp\/v2\/posts\/20831","targetHints":{"allow":["GET"]}}],"collection":[{"href":"https:\/\/chacosintesis.com.ar\/index.php\/wp-json\/wp\/v2\/posts"}],"about":[{"href":"https:\/\/chacosintesis.com.ar\/index.php\/wp-json\/wp\/v2\/types\/post"}],"author":[{"embeddable":true,"href":"https:\/\/chacosintesis.com.ar\/index.php\/wp-json\/wp\/v2\/users\/1"}],"replies":[{"embeddable":true,"href":"https:\/\/chacosintesis.com.ar\/index.php\/wp-json\/wp\/v2\/comments?post=20831"}],"version-history":[{"count":0,"href":"https:\/\/chacosintesis.com.ar\/index.php\/wp-json\/wp\/v2\/posts\/20831\/revisions"}],"wp:featuredmedia":[{"embeddable":true,"href":"https:\/\/chacosintesis.com.ar\/index.php\/wp-json\/wp\/v2\/media\/20832"}],"wp:attachment":[{"href":"https:\/\/chacosintesis.com.ar\/index.php\/wp-json\/wp\/v2\/media?parent=20831"}],"wp:term":[{"taxonomy":"category","embeddable":true,"href":"https:\/\/chacosintesis.com.ar\/index.php\/wp-json\/wp\/v2\/categories?post=20831"},{"taxonomy":"post_tag","embeddable":true,"href":"https:\/\/chacosintesis.com.ar\/index.php\/wp-json\/wp\/v2\/tags?post=20831"}],"curies":[{"name":"wp","href":"https:\/\/api.w.org\/{rel}","templated":true}]}}