{"id":20828,"date":"2023-04-11T12:57:00","date_gmt":"2023-04-11T15:57:00","guid":{"rendered":"https:\/\/chacosintesis.com.ar\/?p=20828"},"modified":"2023-04-24T10:59:41","modified_gmt":"2023-04-24T13:59:41","slug":"san-martin-cuesta-entrego-el-compendio-tematico-de-las-violencias-a-funcionarios-judiciales","status":"publish","type":"post","link":"https:\/\/chacosintesis.com.ar\/index.php\/san-martin-cuesta-entrego-el-compendio-tematico-de-las-violencias-a-funcionarios-judiciales\/","title":{"rendered":"San Mart\u00edn: Cuesta entreg\u00f3 el Compendio Tem\u00e1tico de las Violencias a funcionarios judiciales"},"content":{"rendered":"\n<p>Con la premisa de contribuir a combatir y erradicar la violencia, la presidenta del Poder Legislativo, Elida Cuesta, contin\u00faa con la entrega del Compendio Tem\u00e1tico de las Violencias a las distintas circunscripciones judiciales. Este lunes fue el turno de la V Circunscripci\u00f3n en su sede de General San Mart\u00edn.<br>La Casa de la Democracia proporcion\u00f3 56 ejemplares de la obra en un acto que cont\u00f3 con la participaci\u00f3n de las legisladoras Jessica Ayala y Zulma Galeano. Adem\u00e1s de la presidenta del Superior Tribunal de Justicia (STJ), Isabel Grillo; y los jueces Mar\u00eda Emilia Valle y V\u00edctor Del R\u00edo.<br>Cuesta agradeci\u00f3 la participaci\u00f3n de las y los miembros de la Justicia y ratific\u00f3 que ambos poderes trabajan para prevenir, sancionar y erradicar la violencia. \u201cQueremos una Justicia \u00e1gil para todas y todos los chaque\u00f1os, por lo que esta herramienta viene a facilitar el trabajo de nuestro Poder Judicial\u201d, manifest\u00f3.<br>Adem\u00e1s, la titular legislativa interpel\u00f3 a toda la sociedad a realizar una profunda reflexi\u00f3n sobre la problem\u00e1tica en la provincia. \u201cVemos con preocupaci\u00f3n y tristeza la cantidad de casos de violencia y femicidios, lo que significa que a una familia se le quita una hija, una hermana o una madre. Debemos, entre todos, erradicar este flagelo que destruye la vida de tanta gente\u201d, asever\u00f3 la presidenta.<br>Erradicar la violencia entre todos<br>La diputada Jessica Ayala destac\u00f3 la entrega de este compendio, ya que significa el compromiso de ambos poderes en la prevenci\u00f3n, sanci\u00f3n y erradicaci\u00f3n de la violencia de la sociedad. \u201cNuestro objetivo es que este compendio sea una herramienta m\u00e1s para que la Justicia chaque\u00f1a y la ciudadan\u00eda toda, para que juntos erradiquemos la violencia que tanto nos afecta\u201d, destac\u00f3.<br>Por su parte, Zulma Galeano afirm\u00f3 que el Compendio Tem\u00e1tico de las Violencias sintetiza todo el trabajo legislativo en la tem\u00e1tica. \u201cPara nosotros es hist\u00f3rico brindar una herramienta importante a la Justicia para combatir la violencia, ya que lamentablemente este flagelo sigue creciendo y afectando a la sociedad\u201d, remarc\u00f3 la legisladora.<\/p>\n\n\n\n<p>Una herramienta que debe estar presente<br>La presidenta del Superior Tribunal de Justicia (STJ), Isabel Grillo, destac\u00f3 el trabajo legislativo y pidi\u00f3 a las y los trabajadores a no claudicar en hacer cumplir la ley. &#8220;Esta herramienta no debe estar guardada en un caj\u00f3n o descansando en una biblioteca, debemos hacerla parte de nuestro trabajo diario con el amparo de nuestras instituciones&#8221;, asever\u00f3.<br>En tanto Mar\u00eda Emilia Valle agradeci\u00f3 la voluntad pol\u00edtica del Poder Legislativo y de la presidenta Elida Cuesta de dotar al Poder Judicial de este compendio en el que se reflejan todas las leyes para combatir la violencia. \u201cA pesar del esfuerzo que se realiza, lamentablemente la violencia sigue creciendo, lo que implica que debemos redoblar esfuerzos para prevenir y combatir este flagelo, esta lucha debe ser incansable por parte del Estado en su conjunto\u201d, concluy\u00f3 la ministra<\/p>\n","protected":false},"excerpt":{"rendered":"<p>Con la premisa de contribuir a combatir y erradicar la violencia, la presidenta del Poder Legislativo, Elida Cuesta, contin\u00faa con la entrega del Compendio Tem\u00e1tico de las Violencias a las distintas circunscripciones judiciales. Este lunes fue el turno de la V Circunscripci\u00f3n en su sede de General San Mart\u00edn.La Casa de la Democracia proporcion\u00f3 56 [&hellip;]<\/p>\n","protected":false},"author":1,"featured_media":20829,"comment_status":"closed","ping_status":"closed","sticky":false,"template":"","format":"standard","meta":{"footnotes":""},"categories":[6],"tags":[202],"class_list":{"0":"post-20828","1":"post","2":"type-post","3":"status-publish","4":"format-standard","5":"has-post-thumbnail","7":"category-chaco","8":"tag-legislatura"},"_links":{"self":[{"href":"https:\/\/chacosintesis.com.ar\/index.php\/wp-json\/wp\/v2\/posts\/20828","targetHints":{"allow":["GET"]}}],"collection":[{"href":"https:\/\/chacosintesis.com.ar\/index.php\/wp-json\/wp\/v2\/posts"}],"about":[{"href":"https:\/\/chacosintesis.com.ar\/index.php\/wp-json\/wp\/v2\/types\/post"}],"author":[{"embeddable":true,"href":"https:\/\/chacosintesis.com.ar\/index.php\/wp-json\/wp\/v2\/users\/1"}],"replies":[{"embeddable":true,"href":"https:\/\/chacosintesis.com.ar\/index.php\/wp-json\/wp\/v2\/comments?post=20828"}],"version-history":[{"count":0,"href":"https:\/\/chacosintesis.com.ar\/index.php\/wp-json\/wp\/v2\/posts\/20828\/revisions"}],"wp:featuredmedia":[{"embeddable":true,"href":"https:\/\/chacosintesis.com.ar\/index.php\/wp-json\/wp\/v2\/media\/20829"}],"wp:attachment":[{"href":"https:\/\/chacosintesis.com.ar\/index.php\/wp-json\/wp\/v2\/media?parent=20828"}],"wp:term":[{"taxonomy":"category","embeddable":true,"href":"https:\/\/chacosintesis.com.ar\/index.php\/wp-json\/wp\/v2\/categories?post=20828"},{"taxonomy":"post_tag","embeddable":true,"href":"https:\/\/chacosintesis.com.ar\/index.php\/wp-json\/wp\/v2\/tags?post=20828"}],"curies":[{"name":"wp","href":"https:\/\/api.w.org\/{rel}","templated":true}]}}