{"id":20822,"date":"2023-04-09T10:00:00","date_gmt":"2023-04-09T13:00:00","guid":{"rendered":"https:\/\/chacosintesis.com.ar\/?p=20822"},"modified":"2023-04-24T10:52:06","modified_gmt":"2023-04-24T13:52:06","slug":"cuesta-pide-declarar-la-emergencia-en-consumos-problematicos-de-sustancias-toxicas-en-la-provincia","status":"publish","type":"post","link":"https:\/\/chacosintesis.com.ar\/index.php\/cuesta-pide-declarar-la-emergencia-en-consumos-problematicos-de-sustancias-toxicas-en-la-provincia\/","title":{"rendered":"Cuesta pide declarar la emergencia en consumos problem\u00e1ticos de sustancias t\u00f3xicas en la provincia"},"content":{"rendered":"\n<p>Ante el aumento descontrolado del consumo de sustancias en la juventud y en la sociedad en general, la presidenta del Poder Legislativo, Elida Cuesta, abog\u00f3 por el tratamiento y aprobaci\u00f3n del proyecto de ley 5072\/17, de su autor\u00eda, que busca declarar la emergencia en consumos problem\u00e1ticos de sustancias t\u00f3xicas, iniciativa que se encuentra con estado parlamentario desde 2017.<br>El proyecto promueve un abordaje integral, campa\u00f1as de prevenci\u00f3n y la creaci\u00f3n de centros de atenci\u00f3n primaria con prioridad en las ciudades cabecera del interior provincial.<br>Cuesta asegur\u00f3 que el consumo de sustancias t\u00f3xicas viene creciendo hace muchos a\u00f1os afectando el desarrollo y el futuro de la juventud. \u201cEn la actualidad no es muy dif\u00edcil encontrar a alguna persona que no conozca un familiar, amigo o conocido directo con alg\u00fan consumo problem\u00e1tico, por lo que no podemos seguir mirando hacia otro lado&#8221;, asever\u00f3.<br>Asimismo, remarc\u00f3 que \u201ccon la promulgaci\u00f3n de la Ley de Salud Mental 26657 se ha dado un cambio de paradigma en cuanto a la concepci\u00f3n de las adicciones y ha servido de plataforma fundamental para el desarrollo de pol\u00edticas de Estado que aborden esta problem\u00e1tica&#8221;, manifest\u00f3 la titular legislativa.<br>Por otra parte, resalt\u00f3 que este proyecto de ley se encuentra hace muchos a\u00f1os en la Comisi\u00f3n de Desarrollo y Salud, por lo que pidi\u00f3 su tratamiento para atender esta demanda del pueblo chaque\u00f1o. \u201cNosotros visibilizamos esta problem\u00e1tica hace mucho tiempo y desde 2017 esta iniciativa se encuentra en tratamiento. El gobernador ha presentado un proyecto igual y creo que se va a adjuntar con el nuestro, por lo que pronto tendremos una ley que d\u00e9 respuesta a este flagelo\u201d, asever\u00f3.<br>Adem\u00e1s, la legisladora manifest\u00f3 que la problem\u00e1tica afecta tambi\u00e9n a las instituciones, porque existen trabajadoras y trabajadores del Estado provincial que se encuentran en tratamiento. \u201cEl consumo problem\u00e1tico de sustancias no entiende de clases sociales, afecta a todas y todos los chaque\u00f1os por igual. Hoy en d\u00eda tenemos personas con problemas de consumo y con tratamiento dentro de las dependencias p\u00fablicas\u201d, marc\u00f3.<br>La iniciativa atiende consumos problem\u00e1ticos de sustancias t\u00f3xicas desde una mirada integral, permitiendo la incorporaci\u00f3n del n\u00facleo familiar de las personas en situaci\u00f3n de consumo, como eje fundamental de todo abordaje terap\u00e9utico y legal, articulando con las instituciones del Estado, religiosas, pol\u00edticas y del sector privado, como as\u00ed tambi\u00e9n de la sociedad en general<\/p>\n","protected":false},"excerpt":{"rendered":"<p>Ante el aumento descontrolado del consumo de sustancias en la juventud y en la sociedad en general, la presidenta del Poder Legislativo, Elida Cuesta, abog\u00f3 por el tratamiento y aprobaci\u00f3n del proyecto de ley 5072\/17, de su autor\u00eda, que busca declarar la emergencia en consumos problem\u00e1ticos de sustancias t\u00f3xicas, iniciativa que se encuentra con estado [&hellip;]<\/p>\n","protected":false},"author":1,"featured_media":20823,"comment_status":"closed","ping_status":"closed","sticky":false,"template":"","format":"standard","meta":{"footnotes":""},"categories":[6],"tags":[202],"class_list":{"0":"post-20822","1":"post","2":"type-post","3":"status-publish","4":"format-standard","5":"has-post-thumbnail","7":"category-chaco","8":"tag-legislatura"},"_links":{"self":[{"href":"https:\/\/chacosintesis.com.ar\/index.php\/wp-json\/wp\/v2\/posts\/20822","targetHints":{"allow":["GET"]}}],"collection":[{"href":"https:\/\/chacosintesis.com.ar\/index.php\/wp-json\/wp\/v2\/posts"}],"about":[{"href":"https:\/\/chacosintesis.com.ar\/index.php\/wp-json\/wp\/v2\/types\/post"}],"author":[{"embeddable":true,"href":"https:\/\/chacosintesis.com.ar\/index.php\/wp-json\/wp\/v2\/users\/1"}],"replies":[{"embeddable":true,"href":"https:\/\/chacosintesis.com.ar\/index.php\/wp-json\/wp\/v2\/comments?post=20822"}],"version-history":[{"count":0,"href":"https:\/\/chacosintesis.com.ar\/index.php\/wp-json\/wp\/v2\/posts\/20822\/revisions"}],"wp:featuredmedia":[{"embeddable":true,"href":"https:\/\/chacosintesis.com.ar\/index.php\/wp-json\/wp\/v2\/media\/20823"}],"wp:attachment":[{"href":"https:\/\/chacosintesis.com.ar\/index.php\/wp-json\/wp\/v2\/media?parent=20822"}],"wp:term":[{"taxonomy":"category","embeddable":true,"href":"https:\/\/chacosintesis.com.ar\/index.php\/wp-json\/wp\/v2\/categories?post=20822"},{"taxonomy":"post_tag","embeddable":true,"href":"https:\/\/chacosintesis.com.ar\/index.php\/wp-json\/wp\/v2\/tags?post=20822"}],"curies":[{"name":"wp","href":"https:\/\/api.w.org\/{rel}","templated":true}]}}