{"id":20819,"date":"2023-04-08T10:47:55","date_gmt":"2023-04-08T13:47:55","guid":{"rendered":"https:\/\/chacosintesis.com.ar\/?p=20819"},"modified":"2023-04-24T10:49:43","modified_gmt":"2023-04-24T13:49:43","slug":"resistencia-tendra-un-polo-socio-cultural-de-vanguardia-en-el-predio-del-ex-mercado-municipal","status":"publish","type":"post","link":"https:\/\/chacosintesis.com.ar\/index.php\/resistencia-tendra-un-polo-socio-cultural-de-vanguardia-en-el-predio-del-ex-mercado-municipal\/","title":{"rendered":"Resistencia tendr\u00e1 un polo socio cultural de vanguardia en el predio del ex-Mercado Municipal"},"content":{"rendered":"\n<p>El Poder Legislativo del Chaco sancion\u00f3, por unanimidad, la ley de transferencia a la Municipalidad de Resistencia de los bienes inmuebles expropiados por la Ley 1931-A, unidades que componen el ex-Mercado Municipal. La iniciativa, impulsada por la presidenta Elida Cuesta, tiene como objetivo permitir que las autoridades municipales avancen con un proyecto de creaci\u00f3n de un espacio de integraci\u00f3n sociocultural de vanguardia que permita apuntalar los valores con los cuales Resistencia se destaca como polo regional, nacional e internacional en materia cultural.<br>En los fundamentos, la legisladora se\u00f1al\u00f3 que este predio emblem\u00e1tico de la comunidad resistenciana cuenta con antecedentes hist\u00f3ricos que han forjado la herencia simb\u00f3lica y cultural como una marca de identidad de la ciudad. \u201cSer\u00eda grandioso que este emblem\u00e1tico edificio pueda ser convertido en un espacio cultural que honre el legado de Resistencia en materia de m\u00fasica, literatura y arte, como una casa de grandes conciertos y exposiciones que despertar\u00e1 un sentimiento de pertenencia y orgullo de toda la comunidad\u201d, expres\u00f3 Cuesta.<br>La titular legislativa consider\u00f3 que con la sanci\u00f3n de esta ley Resistencia estar\u00e1 un poco m\u00e1s cerca de concretar la tan anhelada transformaci\u00f3n del emblem\u00e1tico edificio, ejecutando la obra de conservaci\u00f3n, restauraci\u00f3n, puesta en valor y refuncionalizaci\u00f3n del ex-Mercado Municipal para convertirlo en un espacio cultural de encuentro que sea un \u00edcono arquitect\u00f3nico, cultural e hist\u00f3rico de Resistencia. \u201cVivimos en una provincia que respeta su idiosincrasia, su herencia cultural y pone en valor sus edificios m\u00e1s representativos, por lo que estamos orgullosos de haber conseguido esta aprobaci\u00f3n de manera un\u00e1nime\u201d, expres\u00f3 la legisladora.<br>El art\u00edculo tercero de la Ley 3790-A establece que, por intermedio de la Escriban\u00eda General de Gobierno y la Fiscal\u00eda de Estado, se adoptar\u00e1n las medidas pertinentes para el otorgamiento de las respectivas escrituras traslativas de dominio y que estas transferencias no generar\u00e1n impacto econ\u00f3mico alguno para la Provincia, puesto que en la parte dispositiva se prev\u00e9 que las erogaciones estar\u00e1n a cargo del Municipio<\/p>\n","protected":false},"excerpt":{"rendered":"<p>El Poder Legislativo del Chaco sancion\u00f3, por unanimidad, la ley de transferencia a la Municipalidad de Resistencia de los bienes inmuebles expropiados por la Ley 1931-A, unidades que componen el ex-Mercado Municipal. La iniciativa, impulsada por la presidenta Elida Cuesta, tiene como objetivo permitir que las autoridades municipales avancen con un proyecto de creaci\u00f3n de [&hellip;]<\/p>\n","protected":false},"author":1,"featured_media":20820,"comment_status":"closed","ping_status":"closed","sticky":false,"template":"","format":"standard","meta":{"footnotes":""},"categories":[6],"tags":[202],"class_list":{"0":"post-20819","1":"post","2":"type-post","3":"status-publish","4":"format-standard","5":"has-post-thumbnail","7":"category-chaco","8":"tag-legislatura"},"_links":{"self":[{"href":"https:\/\/chacosintesis.com.ar\/index.php\/wp-json\/wp\/v2\/posts\/20819","targetHints":{"allow":["GET"]}}],"collection":[{"href":"https:\/\/chacosintesis.com.ar\/index.php\/wp-json\/wp\/v2\/posts"}],"about":[{"href":"https:\/\/chacosintesis.com.ar\/index.php\/wp-json\/wp\/v2\/types\/post"}],"author":[{"embeddable":true,"href":"https:\/\/chacosintesis.com.ar\/index.php\/wp-json\/wp\/v2\/users\/1"}],"replies":[{"embeddable":true,"href":"https:\/\/chacosintesis.com.ar\/index.php\/wp-json\/wp\/v2\/comments?post=20819"}],"version-history":[{"count":0,"href":"https:\/\/chacosintesis.com.ar\/index.php\/wp-json\/wp\/v2\/posts\/20819\/revisions"}],"wp:featuredmedia":[{"embeddable":true,"href":"https:\/\/chacosintesis.com.ar\/index.php\/wp-json\/wp\/v2\/media\/20820"}],"wp:attachment":[{"href":"https:\/\/chacosintesis.com.ar\/index.php\/wp-json\/wp\/v2\/media?parent=20819"}],"wp:term":[{"taxonomy":"category","embeddable":true,"href":"https:\/\/chacosintesis.com.ar\/index.php\/wp-json\/wp\/v2\/categories?post=20819"},{"taxonomy":"post_tag","embeddable":true,"href":"https:\/\/chacosintesis.com.ar\/index.php\/wp-json\/wp\/v2\/tags?post=20819"}],"curies":[{"name":"wp","href":"https:\/\/api.w.org\/{rel}","templated":true}]}}