{"id":20816,"date":"2023-04-07T09:45:00","date_gmt":"2023-04-07T12:45:00","guid":{"rendered":"https:\/\/chacosintesis.com.ar\/?p=20816"},"modified":"2023-04-24T10:46:59","modified_gmt":"2023-04-24T13:46:59","slug":"limitan-el-uso-de-telefonia-e-internet-en-establecimientos-penitenciarios-del-chaco","status":"publish","type":"post","link":"https:\/\/chacosintesis.com.ar\/index.php\/limitan-el-uso-de-telefonia-e-internet-en-establecimientos-penitenciarios-del-chaco\/","title":{"rendered":"Limitan el uso de telefon\u00eda e internet en establecimientos penitenciarios del Chaco"},"content":{"rendered":"\n<p>El Poder Legislativo aprob\u00f3 la Ley 3794-J que limita el uso de telefon\u00eda celular e internet en el interior de los establecimientos penitenciarios de la provincia. La norma fue promovida por el diputado Livio Guti\u00e9rrez y fue aprobada en la \u00faltima sesi\u00f3n ordinaria.<br>Luego del extenso debate con distintas posturas dentro del recinto, la presidenta Elida Cuesta asegur\u00f3 que, si bien existen protocolos implementados por el Ejecutivo provincial, es evidente la falta de controles exhaustivos para que la telefon\u00eda y el internet dentro de las unidades penitenciarias dejen de ser utilizadas con fines delictivos. \u201cCreo que esta ley viene a poner claro sobre oscuro en cuanto al uso de la telefon\u00eda en las c\u00e1rceles, ya que es de p\u00fablico conocimiento la gran cantidad de casos en que personas privadas de su libertad utilizan esta herramienta que comunicaci\u00f3n para cometer il\u00edcitos\u201d, asever\u00f3.<br>Cuesta no dud\u00f3 al expresar que \u201ces necesario garantizar los derechos humanos de los detenidos, pero tambi\u00e9n queremos garantizar los derechos de la sociedad que quiere vivir en paz y respetando la ley\u201d.<\/p>\n\n\n\n<p>\u201cQueremos proteger a la sociedad que est\u00e1 expuesta a delitos\u201d<br>El autor de la normativa aprobada por el cuerpo, Livio Guti\u00e9rrez, expres\u00f3 que la iniciativa establece que para garantizar el derecho a la comunicaci\u00f3n de los internos se instalar\u00e1n tel\u00e9fonos p\u00fablicos, los cuales deber\u00e1n ser programados para reproducir, al inicio de cada comunicaci\u00f3n, un mensaje pregrabado en el cual se indicar\u00e1 el nombre y la ubicaci\u00f3n del establecimiento penitenciario desde donde se origina la llamada. \u201cEste es un proyecto de 2016, el primigenio fue el exlegislador Raffin, y hab\u00eda perdido estado parlamentario, por eso agregu\u00e9 otro \u00edtems relacionados a internet e inhibidores de comunicaci\u00f3n a los efectos de limitar y garantizar derechos constitucionales en los lugares donde hay personas recluidas, privadas de la libertad o condenadas\u201d, fundament\u00f3 Guti\u00e9rrez.<br>Tras un intenso debate, el diputado autor de la iniciativa explic\u00f3 que, si bien los presos tienen que tener comunicaci\u00f3n, tambi\u00e9n es derecho constitucional que las c\u00e1rceles sean sanas y limpias para seguridad de los reos y, en ese marco, creo que las condiciones edilicias no est\u00e1n bien en el sistema penitenciario, por lo que hay que mejorar mucho.<br>\u201cLa idea de este proyecto es, no s\u00f3lo garantizar a trav\u00e9s de l\u00edneas directas de telefon\u00eda p\u00fablica dentro de la propia c\u00e1rcel, comisar\u00eda o penal, sino tambi\u00e9n la comunicaci\u00f3n con la advertencia de que, cuando se habla desde ese tel\u00e9fono, haya una voz pregrabada que indique que se habla desde ese dispositivo, porque hay muchas casos de estafa, sobre todo a adultos mayores\u201d, sostuvo.<br>En cuanto a aquellos planteos sobre el uso educativo que le dan a la telefon\u00eda las personas privadas de su libertad, aclar\u00f3 que el objetivo es sostener la cuesti\u00f3n educativa. \u201cSabemos que se necesita tener internet en las c\u00e1rceles, pero se puede controlar su uso. No creo que esta ley conculque derechos constitucionales, m\u00e1s bien creo que va a proteger a la gente buena que est\u00e1 todo el d\u00eda trabajando y est\u00e1 expuesta a demasiados delitos\u201d, finaliz\u00f3.<\/p>\n\n\n\n<p>Bergia: \u201cUna ley que est\u00e1 por encima de cualquier resoluci\u00f3n\u201d<br>El legislador Juan Jos\u00e9 Bergia manifest\u00f3, por su parte, que tambi\u00e9n existen protocolos dictaminados por el Ministerio de Seguridad del Chaco. \u201cPor algo todos los decretos del gobernador vienen a ser ratificados en esta Legislatura, por lo que considero que esta herramienta permitir\u00e1 afianzar las pol\u00edticas necesarias para que la sociedad est\u00e9 m\u00e1s segura\u201d, agreg\u00f3.<br>El legislador asegur\u00f3 que si bien en el recinto se brindaron muchas opiniones sobre los protocolos existentes, con la aprobaci\u00f3n de esta ley no se vulner\u00f3 ning\u00fan derecho de los detenidos, sino que se pretendi\u00f3 garantizar los derechos constitucionales de todas las y los chaque\u00f1os.<br>Para finalizar, consider\u00f3 que los reproches de algunos legisladores sobre la aprobaci\u00f3n de esta iniciativa son totalmente fuera de lugar. \u201cVotar de manera afirmativa sobre este tema no implica estar en contra de los derechos humanos, no implica estar en campa\u00f1a permanentemente, lo que implica son temas puntuales que la sociedad necesita para decir que cada uno de los ciudadanos, como lo dijo tambi\u00e9n el diputado Obeid, m\u00e1s all\u00e1 de la pertenencia pol\u00edtica, estamos ac\u00e1 para tratar de darle una herramienta suficiente a la gente para que a todos nos vaya mejor y no solamente a algunos\u201d, resalt\u00f3<\/p>\n","protected":false},"excerpt":{"rendered":"<p>El Poder Legislativo aprob\u00f3 la Ley 3794-J que limita el uso de telefon\u00eda celular e internet en el interior de los establecimientos penitenciarios de la provincia. La norma fue promovida por el diputado Livio Guti\u00e9rrez y fue aprobada en la \u00faltima sesi\u00f3n ordinaria.Luego del extenso debate con distintas posturas dentro del recinto, la presidenta Elida [&hellip;]<\/p>\n","protected":false},"author":1,"featured_media":20817,"comment_status":"closed","ping_status":"closed","sticky":false,"template":"","format":"standard","meta":{"footnotes":""},"categories":[6],"tags":[202],"class_list":{"0":"post-20816","1":"post","2":"type-post","3":"status-publish","4":"format-standard","5":"has-post-thumbnail","7":"category-chaco","8":"tag-legislatura"},"_links":{"self":[{"href":"https:\/\/chacosintesis.com.ar\/index.php\/wp-json\/wp\/v2\/posts\/20816","targetHints":{"allow":["GET"]}}],"collection":[{"href":"https:\/\/chacosintesis.com.ar\/index.php\/wp-json\/wp\/v2\/posts"}],"about":[{"href":"https:\/\/chacosintesis.com.ar\/index.php\/wp-json\/wp\/v2\/types\/post"}],"author":[{"embeddable":true,"href":"https:\/\/chacosintesis.com.ar\/index.php\/wp-json\/wp\/v2\/users\/1"}],"replies":[{"embeddable":true,"href":"https:\/\/chacosintesis.com.ar\/index.php\/wp-json\/wp\/v2\/comments?post=20816"}],"version-history":[{"count":0,"href":"https:\/\/chacosintesis.com.ar\/index.php\/wp-json\/wp\/v2\/posts\/20816\/revisions"}],"wp:featuredmedia":[{"embeddable":true,"href":"https:\/\/chacosintesis.com.ar\/index.php\/wp-json\/wp\/v2\/media\/20817"}],"wp:attachment":[{"href":"https:\/\/chacosintesis.com.ar\/index.php\/wp-json\/wp\/v2\/media?parent=20816"}],"wp:term":[{"taxonomy":"category","embeddable":true,"href":"https:\/\/chacosintesis.com.ar\/index.php\/wp-json\/wp\/v2\/categories?post=20816"},{"taxonomy":"post_tag","embeddable":true,"href":"https:\/\/chacosintesis.com.ar\/index.php\/wp-json\/wp\/v2\/tags?post=20816"}],"curies":[{"name":"wp","href":"https:\/\/api.w.org\/{rel}","templated":true}]}}