{"id":20810,"date":"2023-04-04T14:37:00","date_gmt":"2023-04-04T17:37:00","guid":{"rendered":"https:\/\/chacosintesis.com.ar\/?p=20810"},"modified":"2023-04-24T10:38:47","modified_gmt":"2023-04-24T13:38:47","slug":"reconocimiento-legislativo-a-los-50-anos-de-trayectoria-politica-y-sindical-de-enrique-paredes","status":"publish","type":"post","link":"https:\/\/chacosintesis.com.ar\/index.php\/reconocimiento-legislativo-a-los-50-anos-de-trayectoria-politica-y-sindical-de-enrique-paredes\/","title":{"rendered":"Reconocimiento legislativo a los 50 a\u00f1os de trayectoria pol\u00edtica y sindical de Enrique Paredes"},"content":{"rendered":"\n<p>La presidenta del Poder Legislativo, Elida Cuesta, junto a los diputados Atlanto Honcheruk y Nicol\u00e1s Slimel, brind\u00f3 un emotivo reconocimiento al diputado mandato cumplido y dirigente gremial Enrique Quique Paredes por su entrega, convicci\u00f3n en defensa de los derechos laborales y su extensa trayectoria en el \u00e1mbito pol\u00edtico y sindical a nivel provincial y nacional. \u201cCon este homenaje reivindicamos los 50 a\u00f1os de trayectoria de Paredes, su lucha, el prestigio, la militancia, la lealtad, porque no siempre fue f\u00e1cil y no siempre se dieron las cosas\u201d, remarc\u00f3 la titular legislativa.<br>En sentido, Cuesta se\u00f1al\u00f3 durante la entrega de una placa recordatoria que Paredes es un hombre que siempre trabaj\u00f3 por la ampliaci\u00f3n de los derechos labores, manifestado adem\u00e1s que \u201cEnrique es el testimonio de la gente que trabaja, que es leal, ya que por ah\u00ed se nos cuestiona a los que pintamos canas y, la verdad, que nada m\u00e1s triste que nos pase eso en nuestro partido, porque gracias a estos hombres y muchas mujeres nuestro Partido Justicialista es lo que es\u201d.<br>Tambi\u00e9n remarc\u00f3 que muchos de los que hoy los cuestionan por la edad dicen pertenecer a colectivos feministas, \u201cdonde hay que incluir y no excluir, nos excluyen por la edad\u201d. \u201cEs una pena que no reconozcamos a todas y todos los que hicimos grande nuestro partido y de las y los que trabajan en el movimiento obrero, es importante que tengamos memoria\u201d, afirm\u00f3.<br>En tanto el legislador Slimel mostr\u00f3 su satisfacci\u00f3n de participar en un hecho hist\u00f3rico y agreg\u00f3 que \u201cson 50 a\u00f1os dentro del sindicalismo en el Chaco por parte de Quique Paredes. Es una persona que valoramos much\u00edsimo, este es un gran reconocimiento por su labor durante tantos a\u00f1os\u201d. Tambi\u00e9n se\u00f1al\u00f3 que este reconocimiento es un peque\u00f1o mimo a su gran trabajo porque \u201c\u00e9l ha estado siempre para ayudarnos y ense\u00f1arnos en este camino sindical\u201d.<br>Honcheruk manifest\u00f3, por su parte, estar orgulloso de compartir este agasajo. \u201cEste reconocimiento a Quique, un ejemplo a seguir, un hombre que se dedic\u00f3 toda la vida a fortalecer su gremio, a defender a los obreros, un compa\u00f1ero justicialista, de Per\u00f3n y Evita, que hoy homenajeamos con todo el amor que le tenemos\u201d. Asimismo, el legislador destac\u00f3 al homenajeado como una persona que \u201cconocemos desde hace muchos a\u00f1os y siempre honr\u00f3 su cargo\u201d.<br>Finalmente, el hist\u00f3rico dirigente sindical y diputado mandato cumplido agradeci\u00f3 el homenaje legislativo, adem\u00e1s del reconocimiento y el respeto de los trabajadores. \u201cMe siento orgulloso por el acompa\u00f1amiento y el respeto de los trabajadores; es un gran honor ser representante sindical y defender los derechos del movimiento obrero organizado en la provincia durante tantos a\u00f1os. Esperamos seguir muchos a\u00f1os m\u00e1s en la lucha sindical\u201d, concluy\u00f3<\/p>\n","protected":false},"excerpt":{"rendered":"<p>La presidenta del Poder Legislativo, Elida Cuesta, junto a los diputados Atlanto Honcheruk y Nicol\u00e1s Slimel, brind\u00f3 un emotivo reconocimiento al diputado mandato cumplido y dirigente gremial Enrique Quique Paredes por su entrega, convicci\u00f3n en defensa de los derechos laborales y su extensa trayectoria en el \u00e1mbito pol\u00edtico y sindical a nivel provincial y nacional. [&hellip;]<\/p>\n","protected":false},"author":1,"featured_media":20811,"comment_status":"closed","ping_status":"closed","sticky":false,"template":"","format":"standard","meta":{"footnotes":""},"categories":[6],"tags":[202],"class_list":{"0":"post-20810","1":"post","2":"type-post","3":"status-publish","4":"format-standard","5":"has-post-thumbnail","7":"category-chaco","8":"tag-legislatura"},"_links":{"self":[{"href":"https:\/\/chacosintesis.com.ar\/index.php\/wp-json\/wp\/v2\/posts\/20810","targetHints":{"allow":["GET"]}}],"collection":[{"href":"https:\/\/chacosintesis.com.ar\/index.php\/wp-json\/wp\/v2\/posts"}],"about":[{"href":"https:\/\/chacosintesis.com.ar\/index.php\/wp-json\/wp\/v2\/types\/post"}],"author":[{"embeddable":true,"href":"https:\/\/chacosintesis.com.ar\/index.php\/wp-json\/wp\/v2\/users\/1"}],"replies":[{"embeddable":true,"href":"https:\/\/chacosintesis.com.ar\/index.php\/wp-json\/wp\/v2\/comments?post=20810"}],"version-history":[{"count":0,"href":"https:\/\/chacosintesis.com.ar\/index.php\/wp-json\/wp\/v2\/posts\/20810\/revisions"}],"wp:featuredmedia":[{"embeddable":true,"href":"https:\/\/chacosintesis.com.ar\/index.php\/wp-json\/wp\/v2\/media\/20811"}],"wp:attachment":[{"href":"https:\/\/chacosintesis.com.ar\/index.php\/wp-json\/wp\/v2\/media?parent=20810"}],"wp:term":[{"taxonomy":"category","embeddable":true,"href":"https:\/\/chacosintesis.com.ar\/index.php\/wp-json\/wp\/v2\/categories?post=20810"},{"taxonomy":"post_tag","embeddable":true,"href":"https:\/\/chacosintesis.com.ar\/index.php\/wp-json\/wp\/v2\/tags?post=20810"}],"curies":[{"name":"wp","href":"https:\/\/api.w.org\/{rel}","templated":true}]}}