{"id":20806,"date":"2023-04-03T13:29:00","date_gmt":"2023-04-03T16:29:00","guid":{"rendered":"https:\/\/chacosintesis.com.ar\/?p=20806"},"modified":"2023-04-24T10:32:35","modified_gmt":"2023-04-24T13:32:35","slug":"cuesta-para-nosotros-malvinizar-es-una-politica-de-estado","status":"publish","type":"post","link":"https:\/\/chacosintesis.com.ar\/index.php\/cuesta-para-nosotros-malvinizar-es-una-politica-de-estado\/","title":{"rendered":"Cuesta: \u201cPara nosotros malvinizar es una pol\u00edtica de Estado\u201d"},"content":{"rendered":"\n<p>La presidenta del Poder Legislativo, Elida Cuesta, particip\u00f3, junto a la diputada Jessica Ayala, del desfile por los 41 a\u00f1os de la gesta hist\u00f3rica de 1982 que realiz\u00f3 el Municipio de Resistencia en el Parque de la Democracia de la capital provincial. \u201cDebemos mantener vivo el sentimiento de Malvinas para las nuevas generaciones\u201d, manifest\u00f3 la titular legislativa.<br>Asimismo, Cuesta destac\u00f3 que reconocer y agradecer a los argentinos que dieron su vida por la Patria es una pol\u00edtica de Estado que debe continuar en el tiempo. \u201cDurante muchos a\u00f1os nuestros soldados fueron olvidados tanto por el Estado como por gran parte de la sociedad, y lo que nos propusimos es cambiar esa mirada, reconocerlos como lo que son: h\u00e9roes que dieron su vida por nuestra Patria y la defendieron con orgullo y amor\u201d, remarc\u00f3.<br>Por otra parte, convoc\u00f3 a las nuevas generaciones a mantener vivo el reclamo de la soberan\u00eda argentina sobre Malvinas y honrar todos los d\u00edas a los excombatientes. \u201cEl sentido de realizar homenajes, reconocimientos y desfiles no es solamente destacar a nuestros veteranos y ca\u00eddos, sino tambi\u00e9n mantener vivo el reclamo de soberan\u00eda sobre nuestras islas contagiando a las y los j\u00f3venes ese sentimiento que nos une, porque las Malvinas fueron, son y ser\u00e1n argentinas\u201d, manifest\u00f3 la presidenta.<br>La titular del cuerpo legislativo asegur\u00f3 que desde la Casa de la Democracia se sancionaron varias iniciativas que honran la memoria de los excombatientes y de los veteranos, como es la ley que los condecora como h\u00e9roes provinciales, la normativa que marca la distancia entre Malvinas y cada localidad de la provincia, y la guardia de honor post mortem, como as\u00ed tambi\u00e9n que cada calle, plaza o espacio p\u00fablico lleve el nombre de los veteranos.<br>En este sentido, la diputada Ayala afirm\u00f3 que el reconocimiento y agradecimiento a los soldados de Malvinas siempre deben estar presentes en todas y todos los argentinos. \u201cMalvinas nos duele, pero nos hermana a todas las y los argentinos, particularmente este es un tema que me interpela como sobrina y ahijada de un veterano, como a muchas chaque\u00f1as y chaque\u00f1os que tienen un familiar que combati\u00f3 en esa guerra\u201d, asever\u00f3.<br>Adem\u00e1s, celebr\u00f3 que los veteranos puedan ser reconocidos por el Estado y que toda la sociedad los vea como h\u00e9roes que pelearon por nuestra soberan\u00eda. \u201cNunca vamos a perder las esperanzas de que las Malvinas sean reconocidas como parte de nuestro territorio, es un reclamo pac\u00edfico que vamos a mantener de generaci\u00f3n en generaci\u00f3n\u201d, concluy\u00f3 la legisladora<\/p>\n","protected":false},"excerpt":{"rendered":"<p>La presidenta del Poder Legislativo, Elida Cuesta, particip\u00f3, junto a la diputada Jessica Ayala, del desfile por los 41 a\u00f1os de la gesta hist\u00f3rica de 1982 que realiz\u00f3 el Municipio de Resistencia en el Parque de la Democracia de la capital provincial. \u201cDebemos mantener vivo el sentimiento de Malvinas para las nuevas generaciones\u201d, manifest\u00f3 la [&hellip;]<\/p>\n","protected":false},"author":1,"featured_media":20807,"comment_status":"closed","ping_status":"closed","sticky":false,"template":"","format":"standard","meta":{"footnotes":""},"categories":[6],"tags":[202],"class_list":{"0":"post-20806","1":"post","2":"type-post","3":"status-publish","4":"format-standard","5":"has-post-thumbnail","7":"category-chaco","8":"tag-legislatura"},"_links":{"self":[{"href":"https:\/\/chacosintesis.com.ar\/index.php\/wp-json\/wp\/v2\/posts\/20806","targetHints":{"allow":["GET"]}}],"collection":[{"href":"https:\/\/chacosintesis.com.ar\/index.php\/wp-json\/wp\/v2\/posts"}],"about":[{"href":"https:\/\/chacosintesis.com.ar\/index.php\/wp-json\/wp\/v2\/types\/post"}],"author":[{"embeddable":true,"href":"https:\/\/chacosintesis.com.ar\/index.php\/wp-json\/wp\/v2\/users\/1"}],"replies":[{"embeddable":true,"href":"https:\/\/chacosintesis.com.ar\/index.php\/wp-json\/wp\/v2\/comments?post=20806"}],"version-history":[{"count":0,"href":"https:\/\/chacosintesis.com.ar\/index.php\/wp-json\/wp\/v2\/posts\/20806\/revisions"}],"wp:featuredmedia":[{"embeddable":true,"href":"https:\/\/chacosintesis.com.ar\/index.php\/wp-json\/wp\/v2\/media\/20807"}],"wp:attachment":[{"href":"https:\/\/chacosintesis.com.ar\/index.php\/wp-json\/wp\/v2\/media?parent=20806"}],"wp:term":[{"taxonomy":"category","embeddable":true,"href":"https:\/\/chacosintesis.com.ar\/index.php\/wp-json\/wp\/v2\/categories?post=20806"},{"taxonomy":"post_tag","embeddable":true,"href":"https:\/\/chacosintesis.com.ar\/index.php\/wp-json\/wp\/v2\/tags?post=20806"}],"curies":[{"name":"wp","href":"https:\/\/api.w.org\/{rel}","templated":true}]}}