{"id":20795,"date":"2023-04-23T21:11:15","date_gmt":"2023-04-24T00:11:15","guid":{"rendered":"https:\/\/chacosintesis.com.ar\/?p=20795"},"modified":"2023-04-23T21:20:46","modified_gmt":"2023-04-24T00:20:46","slug":"comandancia-frias-mueren-dos-ninos-y-sospechan-que-sea-por-meningitis","status":"publish","type":"post","link":"https:\/\/chacosintesis.com.ar\/index.php\/comandancia-frias-mueren-dos-ninos-y-sospechan-que-sea-por-meningitis\/","title":{"rendered":"Comandancia Fr\u00edas: mueren dos ni\u00f1os y sospechan que sea por meningitis"},"content":{"rendered":"<p>La cartera sanitaria inform\u00f3 que procedi\u00f3 a realizar profilaxis a familiares y equipos de salud que estuvieron en contacto con los menores fallecidos.<\/p>\n<p>A ra\u00edz de los fallecimientos de dos ni\u00f1os, de 3 y 4 a\u00f1os, de la etnia wich\u00ed en Comandancia Fr\u00edas, el Ministerio de Salud de la provincia comunic\u00f3 que se activ\u00f3 el sistema de vigilancia epidemiol\u00f3gica frente a dos casos sospechosos de meningoc\u00f3cica invasiva.<br \/>\nMediante un comunicado, la cartera sanitaria sostuvo que el s\u00e1bado 22 de abril, desde el Hospital &#8220;Padre Severiano Ayastuy&#8221; de Comandancia Fr\u00edas, se report\u00f3 el fallecimiento en el lapso de 24 horas de dos ni\u00f1os de 3 y 4 a\u00f1os, por causas que est\u00e1n en investigaci\u00f3n judicial. De forma inmediata se activ\u00f3 el sistema de vigilancia epidemiol\u00f3gica provincial y desde Resistencia viajaron los equipos especializados a efectos de realizar las averiguaciones correspondientes en relaci\u00f3n a las probables causas de los fallecimientos.<br \/>\nEn la misma jornada del 22 de abril se hizo presente el director General de Regiones Sanitarias Juan Gauto, junto a un equipo conformado por m\u00e9dicos epidemi\u00f3logos y generalistas, para evaluaci\u00f3n de la situaci\u00f3n de salud de las familias y los integrantes de las mismas.<br \/>\nPor la alta sospecha, a partir de los informes cl\u00ednicos, de que la causa de muerte se tratase de enfermedad invasiva por meningococo, se procedi\u00f3 a realizar profilaxis a familiares y equipos de salud que estuvieron en contacto con los ni\u00f1os fallecidos. Cabe aclarar que ambos ni\u00f1os ten\u00edan completo su carnet de vacunaci\u00f3n y su estado nutricional era eutr\u00f3fico.<br \/>\n Desde la cartera sanitaria se informa adem\u00e1s que ambos cuerpos fueron trasladados hacia la morgue judicial de Juan Jos\u00e9 Castelli para practicar la autopsia correspondiente.<br \/>\nEn esa l\u00ednea, desde Salud P\u00fablica se insta a los medios de comunicaci\u00f3n a informar a la comunidad de manera responsable y cient\u00edfica, respetando los tiempos y el derecho a la intimidad y privacidad de las familias.<br \/>\n DIARIO NORTE.-<\/p>\n","protected":false},"excerpt":{"rendered":"<p>La cartera sanitaria inform\u00f3 que procedi\u00f3 a realizar profilaxis a familiares y equipos de salud que estuvieron en contacto con los menores fallecidos. A ra\u00edz de los fallecimientos de dos ni\u00f1os, de 3 y 4 a\u00f1os, de la etnia wich\u00ed en Comandancia Fr\u00edas, el Ministerio de Salud de la provincia comunic\u00f3 que se activ\u00f3 el [&hellip;]<\/p>\n","protected":false},"author":1,"featured_media":20796,"comment_status":"closed","ping_status":"closed","sticky":false,"template":"","format":"standard","meta":{"footnotes":""},"categories":[6],"tags":[197],"class_list":{"0":"post-20795","1":"post","2":"type-post","3":"status-publish","4":"format-standard","5":"has-post-thumbnail","7":"category-chaco","8":"tag-destacada"},"_links":{"self":[{"href":"https:\/\/chacosintesis.com.ar\/index.php\/wp-json\/wp\/v2\/posts\/20795","targetHints":{"allow":["GET"]}}],"collection":[{"href":"https:\/\/chacosintesis.com.ar\/index.php\/wp-json\/wp\/v2\/posts"}],"about":[{"href":"https:\/\/chacosintesis.com.ar\/index.php\/wp-json\/wp\/v2\/types\/post"}],"author":[{"embeddable":true,"href":"https:\/\/chacosintesis.com.ar\/index.php\/wp-json\/wp\/v2\/users\/1"}],"replies":[{"embeddable":true,"href":"https:\/\/chacosintesis.com.ar\/index.php\/wp-json\/wp\/v2\/comments?post=20795"}],"version-history":[{"count":0,"href":"https:\/\/chacosintesis.com.ar\/index.php\/wp-json\/wp\/v2\/posts\/20795\/revisions"}],"wp:featuredmedia":[{"embeddable":true,"href":"https:\/\/chacosintesis.com.ar\/index.php\/wp-json\/wp\/v2\/media\/20796"}],"wp:attachment":[{"href":"https:\/\/chacosintesis.com.ar\/index.php\/wp-json\/wp\/v2\/media?parent=20795"}],"wp:term":[{"taxonomy":"category","embeddable":true,"href":"https:\/\/chacosintesis.com.ar\/index.php\/wp-json\/wp\/v2\/categories?post=20795"},{"taxonomy":"post_tag","embeddable":true,"href":"https:\/\/chacosintesis.com.ar\/index.php\/wp-json\/wp\/v2\/tags?post=20795"}],"curies":[{"name":"wp","href":"https:\/\/api.w.org\/{rel}","templated":true}]}}