{"id":20789,"date":"2023-04-22T15:51:01","date_gmt":"2023-04-22T18:51:01","guid":{"rendered":"https:\/\/chacosintesis.com.ar\/?p=20789"},"modified":"2023-04-22T16:06:47","modified_gmt":"2023-04-22T19:06:47","slug":"el-gobierno-conmemoro-el-15-aniversario-del-servicio-penitenciario-con-el-anuncio-de-490-ascensos","status":"publish","type":"post","link":"https:\/\/chacosintesis.com.ar\/index.php\/el-gobierno-conmemoro-el-15-aniversario-del-servicio-penitenciario-con-el-anuncio-de-490-ascensos\/","title":{"rendered":"El gobierno conmemor\u00f3 el 15\u00b0 aniversario del Servicio Penitenciario con el anuncio de 490 ascensos"},"content":{"rendered":"<p>El gobernador Jorge Capitanich particip\u00f3 este s\u00e1bado por la ma\u00f1ana en el 15\u00b0 aniversario de la creaci\u00f3n del Servicio Penitenciario Provincial, donde realiz\u00f3 importantes anuncios sobre el ascenso de casi 500 agentes, un programa de nuevas obras en seguridad y un refuerzo tecnol\u00f3gico para las tareas en cuesti\u00f3n. Junto al mandatario tambi\u00e9n particip\u00f3 la ministra de Seguridad, Gloria Zalazar, y la jefa del SPP, Erika Maidana.<br \/>\nDurante su discurso, el gobernador anunci\u00f3 que \u201cest\u00e1 en proceso administrativo la promoci\u00f3n al grado inmediato superior de un total de 490 funcionarios penitenciarios, 177 superiores y 313 subalternos\u201d, y explic\u00f3 que \u201cese ascenso al grado inmediato superior implica promocionar al 31% de la totalidad de personal en servicio efectivo\u201d. \u201cEs una medida reivindicativa que permite jerarquizar la funci\u00f3n y tambi\u00e9n mejorar sus ingresos monetarios\u201d, remarc\u00f3.<br \/>\nAdem\u00e1s, indic\u00f3 que \u201cestamos trabajando en un proyecto de cuatro m\u00f3dulos de buena conducta, lo que permitir\u00e1 102 nuevas plazas, conjuntamente con la refuncionalizaci\u00f3n del modelo 5 del complejo penitenciario 2 de S\u00e1enz Pe\u00f1a, promoviendo 52 plazas adicionales\u201d.<\/p>\n<p>En ese sentido, coment\u00f3 que \u201cestamos propiciando una reforma del C\u00f3digo Procesal Penal con el objetivo de establecer figuras que implicar\u00e1n establecer un modelo para lograr que efectivamente exista el juzgamiento y la condena en un periodo de tiempo determinado sin extender las causas\u201d, y explic\u00f3 que \u201ceso significa que el colegio de jueces, la oficina judicial, la posibilidad de que el juez de garant\u00eda otorgue la prisi\u00f3n preventiva en un proceso de audiencia p\u00fablica\u201d<br \/>\nPor otra parte, plante\u00f3 el uso adicional de la tecnolog\u00eda para las personas privadas de libertad, lo cual indic\u00f3 se trata \u201cdesde aplicaciones tecnol\u00f3gicas sofisticadas hasta tobilleras electr\u00f3nicas, con el objeto tambi\u00e9n de hacer un seguimiento de aquellas personas que est\u00e1n en proceso, que pueden ser condenadas o que tienen perspectivas de libertad vigilada, que a su vez tambi\u00e9n puede generar descongesti\u00f3n de los centros de detenci\u00f3n para promover nuevas pr\u00e1cticas, o tambi\u00e9n nuevos modelos de integraci\u00f3n\u201d.<\/p>\n<p>\u201cHemos propiciado durante el a\u00f1o la adquisici\u00f3n de un minibus, dos camionetas, tres autos. La flota automotor del sistema penitenciario provincial y de readaptaci\u00f3n social llegan a 26 veh\u00edculos, un cami\u00f3n cisterna, minibuses, camionetas, ambulancias, autom\u00f3viles\u201d, agreg\u00f3, y se\u00f1al\u00f3 que \u201ctambi\u00e9n estamos trabajando en talleres productivos, para lo cual es muy importante el desarrollo con distintos modelos de inversi\u00f3n porque es necesario impulsar una estrategia de readaptaci\u00f3n social para que las personas privadas de la libertad logren una capacitaci\u00f3n de terminalidad educativa, formaci\u00f3n t\u00e9cnica y trabajo profesional a los efectos de que su readaptaci\u00f3n tenga que ver con su inserci\u00f3n social, basado en el cambio de conducta, pero tambi\u00e9n de oportunidades\u201d<br \/>\nFinalmente, el mandatario asegur\u00f3 que \u201cno cabe la menor duda que hace 15 a\u00f1os tomamos la decisi\u00f3n correcta que ha habido un proceso de cambio permanente que tiene que ver con profesionalizaci\u00f3n, con tecnolog\u00eda, con mejoramiento de la infraestructura\u201d.<br \/>\nPor su parte, la ministra de Seguridad, destac\u00f3 que \u201ccuando el gobernador decidi\u00f3 diferenciar las funciones y crear el Servicio Penitenciario, definitivamente se iniciaba un camino que a\u00fan est\u00e1 en construcci\u00f3n, pero que despu\u00e9s de 15 a\u00f1os podemos evaluar como algo muy importante\u201d, y se\u00f1al\u00f3 que estos son \u201cuna pata fundamental\u201d para la reinserci\u00f3n.<\/p>\n","protected":false},"excerpt":{"rendered":"<p>El gobernador Jorge Capitanich particip\u00f3 este s\u00e1bado por la ma\u00f1ana en el 15\u00b0 aniversario de la creaci\u00f3n del Servicio Penitenciario Provincial, donde realiz\u00f3 importantes anuncios sobre el ascenso de casi 500 agentes, un programa de nuevas obras en seguridad y un refuerzo tecnol\u00f3gico para las tareas en cuesti\u00f3n. Junto al mandatario tambi\u00e9n particip\u00f3 la ministra [&hellip;]<\/p>\n","protected":false},"author":1,"featured_media":20790,"comment_status":"closed","ping_status":"closed","sticky":false,"template":"","format":"standard","meta":{"footnotes":""},"categories":[6],"tags":[],"class_list":{"0":"post-20789","1":"post","2":"type-post","3":"status-publish","4":"format-standard","5":"has-post-thumbnail","7":"category-chaco"},"_links":{"self":[{"href":"https:\/\/chacosintesis.com.ar\/index.php\/wp-json\/wp\/v2\/posts\/20789","targetHints":{"allow":["GET"]}}],"collection":[{"href":"https:\/\/chacosintesis.com.ar\/index.php\/wp-json\/wp\/v2\/posts"}],"about":[{"href":"https:\/\/chacosintesis.com.ar\/index.php\/wp-json\/wp\/v2\/types\/post"}],"author":[{"embeddable":true,"href":"https:\/\/chacosintesis.com.ar\/index.php\/wp-json\/wp\/v2\/users\/1"}],"replies":[{"embeddable":true,"href":"https:\/\/chacosintesis.com.ar\/index.php\/wp-json\/wp\/v2\/comments?post=20789"}],"version-history":[{"count":0,"href":"https:\/\/chacosintesis.com.ar\/index.php\/wp-json\/wp\/v2\/posts\/20789\/revisions"}],"wp:featuredmedia":[{"embeddable":true,"href":"https:\/\/chacosintesis.com.ar\/index.php\/wp-json\/wp\/v2\/media\/20790"}],"wp:attachment":[{"href":"https:\/\/chacosintesis.com.ar\/index.php\/wp-json\/wp\/v2\/media?parent=20789"}],"wp:term":[{"taxonomy":"category","embeddable":true,"href":"https:\/\/chacosintesis.com.ar\/index.php\/wp-json\/wp\/v2\/categories?post=20789"},{"taxonomy":"post_tag","embeddable":true,"href":"https:\/\/chacosintesis.com.ar\/index.php\/wp-json\/wp\/v2\/tags?post=20789"}],"curies":[{"name":"wp","href":"https:\/\/api.w.org\/{rel}","templated":true}]}}