{"id":20787,"date":"2023-04-22T15:44:40","date_gmt":"2023-04-22T18:44:40","guid":{"rendered":"https:\/\/chacosintesis.com.ar\/?p=20787"},"modified":"2023-04-22T16:06:47","modified_gmt":"2023-04-22T19:06:47","slug":"capitanich-participo-de-la-inauguracion-de-un-salon-del-sindicato-de-camioneros","status":"publish","type":"post","link":"https:\/\/chacosintesis.com.ar\/index.php\/capitanich-participo-de-la-inauguracion-de-un-salon-del-sindicato-de-camioneros\/","title":{"rendered":"Capitanich particip\u00f3 de la inauguraci\u00f3n de un sal\u00f3n del Sindicato de Camioneros"},"content":{"rendered":"<p>Con una inversi\u00f3n cercana a los 55 millones de pesos, el lugar servir\u00e1 para que la organizaci\u00f3n cuente con un espacio propio para la generaci\u00f3n de diferentes actividades sociales, culturales y educativas.<br \/>\nEl gobernador Jorge Capitanich particip\u00f3 en la noche del viernes 21, en Puerto Tirol, de la inauguraci\u00f3n del nuevo Sal\u00f3n de Usos M\u00faltiples del Sindicato de Camioneros. \u201cLos sindicatos siempre forman parte de la cotidianidad de la clase trabaja, y eso nos anima a seguir impulsando estas obras que tienden a su crecimiento\u201d, sostuvo el mandatario. La obra, que demand\u00f3 una inversi\u00f3n de $54.929.858, est\u00e1 emplazada en un predio de 33 hect\u00e1reas y tiene 20 metros por 50, dotado de aires acondicionados, ventiladores y amueblamiento para 500 personas. El proyecto naci\u00f3 con la finalidad de dotar al sindicato y sus trabajadores de un espacio propio para la generaci\u00f3n de diferentes actividades sociales, culturales y educativas. \u201cEn 2019 asumimos un compromiso con este sindicato, y hoy estamos cumpliendo. Ahora, tenemos que cumplir otro compromiso que es la refacci\u00f3n y ampliaci\u00f3n de la sede de la Confederaci\u00f3n General del Trabajo en la sede de Resistencia\u201d, destac\u00f3 el gobernador, quien estuvo acompa\u00f1ado por el ministro de Gobierno y Trabajo, Juan Manuel Chapo. \u201cEstas organizaciones representan de forma org\u00e1nica los intereses de los trabajadores, y por eso apostamos a que tengan las mejores condiciones para desempe\u00f1ar mejor sus actividades. El sindicato es la casa de los trabajadores y es la representaci\u00f3n org\u00e1nica del pueblo trabajador organizado. La dignidad del trabajo debe permitir un salario digno, y el salario digno debe ser la plataforma de la justicia social, que es un principio esencial en la vida de los pueblos\u201d, destac\u00f3. El mandatario chaque\u00f1o inst\u00f3 a los presentes a \u201chacer pol\u00edtica en el cami\u00f3n, en el taxi, en el rem\u00eds, en el puesto de trabajo y en la estaci\u00f3n de servicio. En todos los lugares en donde haya un trabajador tiene que haber un soldado de la causa que sea capaz de defender lo que tenemos que hacer para el pueblo argentino\u201d. En la misma l\u00ednea sostuvo: \u201cSe tiene que incentivar la producci\u00f3n, porque cuando m\u00e1s producimos, m\u00e1s camiones se necesitan y m\u00e1s camioneros van a trabajar. Ustedes son el ejemplo de que es posible tener un pueblo trabajador erguido que es capaz de desempe\u00f1arse todos los d\u00edas con mucho esfuerzo\u201d, dijo.<br \/>\nAgradecimiento del pueblo camionero<br \/>\nPor su parte, el secretario Gremial del Sindicato, Isa\u00edas Alegre, agradeci\u00f3 el acompa\u00f1amiento tanto del Gobierno como de los afiliados, e indic\u00f3 que \u201cesta es la culminaci\u00f3n de una gesti\u00f3n que iniciamos hace un a\u00f1o y medio atr\u00e1s, y lo podemos tener no solo por el trabajo de nuestros dirigentes, sino tambi\u00e9n por la preocupaci\u00f3n de este gobernador con los trabajadores\u201d. El Sindicato de Camioneros cuenta con 3.000 afiliados titulares en la actualidad, sumando casi 15.000 personas teniendo en cuenta sus grupos familiares. Tiene sucursales en las localidades de Resistencia, Presidencia Roque S\u00e1enz Pe\u00f1a, Charata y Villa \u00c1ngela, adem\u00e1s de un SUM propio en esta \u00faltima localidad y un camping en Puerto Tirol. Estuvieron presentes durante la inauguraci\u00f3n los diputados provinciales, Hugo Sager y Nicol\u00e1s Slimel; y el representante de la Federaci\u00f3n Nacional de Trabajadores Camioneros de la Rep\u00fablica Argentina, Marcelo Ayala.<\/p>\n","protected":false},"excerpt":{"rendered":"<p>Con una inversi\u00f3n cercana a los 55 millones de pesos, el lugar servir\u00e1 para que la organizaci\u00f3n cuente con un espacio propio para la generaci\u00f3n de diferentes actividades sociales, culturales y educativas. El gobernador Jorge Capitanich particip\u00f3 en la noche del viernes 21, en Puerto Tirol, de la inauguraci\u00f3n del nuevo Sal\u00f3n de Usos M\u00faltiples [&hellip;]<\/p>\n","protected":false},"author":1,"featured_media":20788,"comment_status":"closed","ping_status":"closed","sticky":false,"template":"","format":"standard","meta":{"footnotes":""},"categories":[6],"tags":[],"class_list":{"0":"post-20787","1":"post","2":"type-post","3":"status-publish","4":"format-standard","5":"has-post-thumbnail","7":"category-chaco"},"_links":{"self":[{"href":"https:\/\/chacosintesis.com.ar\/index.php\/wp-json\/wp\/v2\/posts\/20787","targetHints":{"allow":["GET"]}}],"collection":[{"href":"https:\/\/chacosintesis.com.ar\/index.php\/wp-json\/wp\/v2\/posts"}],"about":[{"href":"https:\/\/chacosintesis.com.ar\/index.php\/wp-json\/wp\/v2\/types\/post"}],"author":[{"embeddable":true,"href":"https:\/\/chacosintesis.com.ar\/index.php\/wp-json\/wp\/v2\/users\/1"}],"replies":[{"embeddable":true,"href":"https:\/\/chacosintesis.com.ar\/index.php\/wp-json\/wp\/v2\/comments?post=20787"}],"version-history":[{"count":0,"href":"https:\/\/chacosintesis.com.ar\/index.php\/wp-json\/wp\/v2\/posts\/20787\/revisions"}],"wp:featuredmedia":[{"embeddable":true,"href":"https:\/\/chacosintesis.com.ar\/index.php\/wp-json\/wp\/v2\/media\/20788"}],"wp:attachment":[{"href":"https:\/\/chacosintesis.com.ar\/index.php\/wp-json\/wp\/v2\/media?parent=20787"}],"wp:term":[{"taxonomy":"category","embeddable":true,"href":"https:\/\/chacosintesis.com.ar\/index.php\/wp-json\/wp\/v2\/categories?post=20787"},{"taxonomy":"post_tag","embeddable":true,"href":"https:\/\/chacosintesis.com.ar\/index.php\/wp-json\/wp\/v2\/tags?post=20787"}],"curies":[{"name":"wp","href":"https:\/\/api.w.org\/{rel}","templated":true}]}}