{"id":20785,"date":"2023-04-22T15:40:28","date_gmt":"2023-04-22T18:40:28","guid":{"rendered":"https:\/\/chacosintesis.com.ar\/?p=20785"},"modified":"2023-04-22T16:06:46","modified_gmt":"2023-04-22T19:06:46","slug":"abrieron-las-inscripciones-para-ser-autoridad-de-mesa-en-las-elecciones-nacionales","status":"publish","type":"post","link":"https:\/\/chacosintesis.com.ar\/index.php\/abrieron-las-inscripciones-para-ser-autoridad-de-mesa-en-las-elecciones-nacionales\/","title":{"rendered":"Abrieron las inscripciones para ser autoridad de mesa en las elecciones nacionales"},"content":{"rendered":"<p>Se trata de los llamados del 13 de agosto y 22 de octubre.<br \/>\nEste viernes se confirm\u00f3 la convocatoria para las personas que deseen ser autoridades de mesa durante las elecciones nacionales. Se trata del llamado del 13 de agosto para las PASO y del 22 de octubre para las presidenciales. Vale recordar que, para ello, no deber\u00e1n estar afiliadas a ning\u00fan partido pol\u00edtico. La postulaci\u00f3n no implica designaci\u00f3n, sino que una vez realizada la inscripci\u00f3n, la Secretar\u00eda Electoral del distrito analizar\u00e1 la solicitud y de confirmarse se comunicar\u00e1 oportunamente. Las personas interesadas se pueden inscribir en este link <a href=\"https:\/\/www.padron.gov.ar\/cne_autoridad\/\">www.padron.gov.ar\/cne_autoridad\/<\/a><\/p>\n","protected":false},"excerpt":{"rendered":"<p>Se trata de los llamados del 13 de agosto y 22 de octubre. Este viernes se confirm\u00f3 la convocatoria para las personas que deseen ser autoridades de mesa durante las elecciones nacionales. Se trata del llamado del 13 de agosto para las PASO y del 22 de octubre para las presidenciales. Vale recordar que, para [&hellip;]<\/p>\n","protected":false},"author":1,"featured_media":20786,"comment_status":"closed","ping_status":"closed","sticky":false,"template":"","format":"standard","meta":{"footnotes":""},"categories":[6],"tags":[],"class_list":{"0":"post-20785","1":"post","2":"type-post","3":"status-publish","4":"format-standard","5":"has-post-thumbnail","7":"category-chaco"},"_links":{"self":[{"href":"https:\/\/chacosintesis.com.ar\/index.php\/wp-json\/wp\/v2\/posts\/20785","targetHints":{"allow":["GET"]}}],"collection":[{"href":"https:\/\/chacosintesis.com.ar\/index.php\/wp-json\/wp\/v2\/posts"}],"about":[{"href":"https:\/\/chacosintesis.com.ar\/index.php\/wp-json\/wp\/v2\/types\/post"}],"author":[{"embeddable":true,"href":"https:\/\/chacosintesis.com.ar\/index.php\/wp-json\/wp\/v2\/users\/1"}],"replies":[{"embeddable":true,"href":"https:\/\/chacosintesis.com.ar\/index.php\/wp-json\/wp\/v2\/comments?post=20785"}],"version-history":[{"count":0,"href":"https:\/\/chacosintesis.com.ar\/index.php\/wp-json\/wp\/v2\/posts\/20785\/revisions"}],"wp:featuredmedia":[{"embeddable":true,"href":"https:\/\/chacosintesis.com.ar\/index.php\/wp-json\/wp\/v2\/media\/20786"}],"wp:attachment":[{"href":"https:\/\/chacosintesis.com.ar\/index.php\/wp-json\/wp\/v2\/media?parent=20785"}],"wp:term":[{"taxonomy":"category","embeddable":true,"href":"https:\/\/chacosintesis.com.ar\/index.php\/wp-json\/wp\/v2\/categories?post=20785"},{"taxonomy":"post_tag","embeddable":true,"href":"https:\/\/chacosintesis.com.ar\/index.php\/wp-json\/wp\/v2\/tags?post=20785"}],"curies":[{"name":"wp","href":"https:\/\/api.w.org\/{rel}","templated":true}]}}