{"id":20783,"date":"2023-04-22T15:27:31","date_gmt":"2023-04-22T18:27:31","guid":{"rendered":"https:\/\/chacosintesis.com.ar\/?p=20783"},"modified":"2023-04-22T15:36:43","modified_gmt":"2023-04-22T18:36:43","slug":"una-brigada-quirurgica-llego-al-chaco-para-fortalecer-la-red-de-hospitales","status":"publish","type":"post","link":"https:\/\/chacosintesis.com.ar\/index.php\/una-brigada-quirurgica-llego-al-chaco-para-fortalecer-la-red-de-hospitales\/","title":{"rendered":"Una brigada quir\u00fargica lleg\u00f3 al Chaco para fortalecer la red de hospitales"},"content":{"rendered":"<p>Desde Buenos Aires, los profesionales arribaron a Resistencia y trabajar\u00e1n en conjunto con personal chaque\u00f1o.<br \/>\nUna brigada quir\u00fargica lleg\u00f3 a Chaco para fortalecer la red de hospitales p\u00fablicos. Desde Buenos Aires, los profesionales arribaron a Resistencia y trabajar\u00e1n en conjunto con personal chaque\u00f1o.<br \/>\nSeg\u00fan indic\u00f3 el Ministerio de Salud P\u00fablica del Chaco, fueron convocados por la ministra Carolina Centeno. \u201cLleg\u00f3 a nuestra provincia un equipo de m\u00e9dicos cirujanos desde Buenos Aires\u201d, confirmaron.<br \/>\nEl objetivo de esta convocatoria fue hacer un diagn\u00f3stico de todos los servicios de cirug\u00eda de Chaco. Por ello, comenzar\u00e1n por el Hospital &#8220;Julio C. Perrando&#8221;.<br \/>\n\u201cA partir de este diagn\u00f3stico, ser\u00e1 posible armar estrategias que optimicen la red quir\u00fargica para mejorar la calidad en la atenci\u00f3n y en la asistencia sanitaria de nuestra provincia\u201d, destacaron.<\/p>\n","protected":false},"excerpt":{"rendered":"<p>Desde Buenos Aires, los profesionales arribaron a Resistencia y trabajar\u00e1n en conjunto con personal chaque\u00f1o. Una brigada quir\u00fargica lleg\u00f3 a Chaco para fortalecer la red de hospitales p\u00fablicos. Desde Buenos Aires, los profesionales arribaron a Resistencia y trabajar\u00e1n en conjunto con personal chaque\u00f1o. Seg\u00fan indic\u00f3 el Ministerio de Salud P\u00fablica del Chaco, fueron convocados por [&hellip;]<\/p>\n","protected":false},"author":1,"featured_media":20784,"comment_status":"closed","ping_status":"closed","sticky":false,"template":"","format":"standard","meta":{"footnotes":""},"categories":[6],"tags":[],"class_list":{"0":"post-20783","1":"post","2":"type-post","3":"status-publish","4":"format-standard","5":"has-post-thumbnail","7":"category-chaco"},"_links":{"self":[{"href":"https:\/\/chacosintesis.com.ar\/index.php\/wp-json\/wp\/v2\/posts\/20783","targetHints":{"allow":["GET"]}}],"collection":[{"href":"https:\/\/chacosintesis.com.ar\/index.php\/wp-json\/wp\/v2\/posts"}],"about":[{"href":"https:\/\/chacosintesis.com.ar\/index.php\/wp-json\/wp\/v2\/types\/post"}],"author":[{"embeddable":true,"href":"https:\/\/chacosintesis.com.ar\/index.php\/wp-json\/wp\/v2\/users\/1"}],"replies":[{"embeddable":true,"href":"https:\/\/chacosintesis.com.ar\/index.php\/wp-json\/wp\/v2\/comments?post=20783"}],"version-history":[{"count":0,"href":"https:\/\/chacosintesis.com.ar\/index.php\/wp-json\/wp\/v2\/posts\/20783\/revisions"}],"wp:featuredmedia":[{"embeddable":true,"href":"https:\/\/chacosintesis.com.ar\/index.php\/wp-json\/wp\/v2\/media\/20784"}],"wp:attachment":[{"href":"https:\/\/chacosintesis.com.ar\/index.php\/wp-json\/wp\/v2\/media?parent=20783"}],"wp:term":[{"taxonomy":"category","embeddable":true,"href":"https:\/\/chacosintesis.com.ar\/index.php\/wp-json\/wp\/v2\/categories?post=20783"},{"taxonomy":"post_tag","embeddable":true,"href":"https:\/\/chacosintesis.com.ar\/index.php\/wp-json\/wp\/v2\/tags?post=20783"}],"curies":[{"name":"wp","href":"https:\/\/api.w.org\/{rel}","templated":true}]}}