{"id":20779,"date":"2023-04-22T09:45:34","date_gmt":"2023-04-22T12:45:34","guid":{"rendered":"https:\/\/chacosintesis.com.ar\/?p=20779"},"modified":"2023-04-22T10:07:01","modified_gmt":"2023-04-22T13:07:01","slug":"capitanich-celebro-esta-obra-porque-es-un-premio-a-la-enorme-vocacion-de-servicio","status":"publish","type":"post","link":"https:\/\/chacosintesis.com.ar\/index.php\/capitanich-celebro-esta-obra-porque-es-un-premio-a-la-enorme-vocacion-de-servicio\/","title":{"rendered":"Capitanich: \u201cCelebro esta obra porque es un premio a la enorme vocaci\u00f3n de servicio\u201d"},"content":{"rendered":"<p>Con una inversi\u00f3n de m\u00e1s de 10 millones de pesos, este cuartel finalmente tendr\u00e1 su casa propia. Est\u00e1 ubicado sobre las calles Suero y Gobernador Mansilla de Resistencia, y cuenta con un ambiente adecuado y operativo, beneficiando a las 30 bomberas y bomberos que desarrollan sus funciones.<\/p>\n<p>El gobernador Jorge Capitanich inaugur\u00f3 este viernes el Cuartel de Bomberos Voluntarios Zona Sur, de Resistencia, obra que demand\u00f3 una inversi\u00f3n de $10.496.915,69, financiados por el Ministerio de Gobierno y Trabajo.<br \/>\n\u201cCelebro mucho esta obra porque es un premio al esfuerzo, dedicaci\u00f3n y compromiso y a la enorme vocaci\u00f3n de servicios\u201d, dijo Capitanich tras la inauguraci\u00f3n, acompa\u00f1ado por el ministro de Gobierno, Juan Manuel Chapo.<br \/>\nChaco cuenta con 43 asociaciones de bomberos voluntarios a lo largo y ancho de la provincia de los cuales 29 est\u00e1n operativos con un total de 506 bomberos voluntarios, 317 hombres y 189 mujeres. \u201cEso implica un gran esfuerzo, dedicaci\u00f3n, disciplina, esmero y trabajo y felicito. Son un ejemplo encomiable de solidaridad, amor al pr\u00f3jimo y vocaci\u00f3n de servicio\u201d, dijo el gobernador.<\/p>\n<p>Sobre la obra<\/p>\n<p>Ubicada en calles Suero y Gobernador Mansilla de la capital chaque\u00f1a, la obra consisti\u00f3 en la construcci\u00f3n de una nave principal de cubierta met\u00e1lica de 195 m2, que consta de p\u00f3rtico de acceso para veh\u00edculos pesados y la doble altura suficiente. En la planta baja, se construy\u00f3 un play\u00f3n apto para soportar el tr\u00e1nsito y resguardar los veh\u00edculos. Se edificaron cuatro oficinas para las tareas bomberiles, tres dormitorios, cocina-comedor y dos ba\u00f1os. En el entrepiso de losa, a futuro, funcionar\u00e1 una sala de capacitaciones.<br \/>\nTambi\u00e9n, se realiz\u00f3 el cerramiento perimetral del terreno y veredas de frente, con acceso de cunetas revestidas reforzadas, as\u00ed como las instalaciones el\u00e9ctricas, de gas, sanitarias, red de agua potable y desag\u00fce. Adem\u00e1s, gracias a los trabajos realizados, el cuartel cuenta con una boca hidrante para el abastecimiento de agua constante.<br \/>\nDe esta forma, este nuevo espacio, totalmente acondicionado, adecuado y operativo, mejorar\u00e1 el servicio que se presta en la ciudad y beneficiar\u00e1 a las 30 bomberas y bomberos que all\u00ed desarrollan sus funciones.  El cuartel abarca la zona que va desde el l\u00edmite de Fontana al l\u00edmite de Barranqueras, linealmente por avenidas 25 de mayo, 9 de julio y hacia la parte sur, l\u00edmite con Basail,<br \/>\nParticiparon el subsecretario de Defensa Civil, Mario Sandoval, la directora de Defensa Civil, Anal\u00eda Acosta, la directora de Defensa Civil Municipal, Gabriela Retamozo Gonz\u00e1lez, el representante de la Federaci\u00f3n Central de Bomberos Voluntarios del Chaco, Hugo R\u00edos, el presidente de la Asociaci\u00f3n de Bomberos Voluntarios de Resistencia Zona Sur, Washington Am\u00e9rico Arias Correo, el intendente de Puerto Vilelas, V\u00edctor Rea e integrantes de la asociaci\u00f3n.<\/p>\n<p>Chapo: \u201cEs una forma de dignificar a bomberas y bomberos\u201d<br \/>\nEl ministro de Gobierno y Trabajo, juan Manuel Chapo, celebr\u00f3 esta nueva inauguraci\u00f3n que es un \u201ccompromiso logrado con quienes cumplen con la ciudadan\u00eda, con vocaci\u00f3n de servicio y es una forma de dignificar y reivindicar a bomberas y bomberos\u201d dijo, remarcando que el espacio est\u00e1 plenamente operativo a partir de hoy.<br \/>\nChapo repas\u00f3 obras en ejecuci\u00f3n en Charata, Colonia Ben\u00edtez, Puerto Tirol, el compromiso de comenzar a trabajar en Samuh\u00fa y resalt\u00f3 la inversi\u00f3n de m\u00e1s de $200 millones en equipamiento y agreg\u00f3: \u201cEs fundamental el fortalecimiento de todo el sistema de Protecci\u00f3n Civil de la provincia, y la pata operativa de esta Defensa Civil son los bomberos\u201d.<\/p>\n<p>Arias Correo: \u201cEstamos felices porque tenemos nuestra casa propia\u201d<\/p>\n<p>El presidente de la Asociaci\u00f3n de Bomberos Voluntarios de Resistencia Zona Sur, Washington Am\u00e9rico Arias Correo, expres\u00f3 su alegr\u00eda porque \u201ces un d\u00eda muy especial porque tenemos nuestra casa propia, donde albergaremos a las y los bomberos voluntarios. Estamos felices de poder brindar nuestros servicios desde este lugar mucho m\u00e1s digno\u201d, manifest\u00f3. Arias Correo agradeci\u00f3 al Gobierno Provincial \u201cque hizo posible que podamos disfrutar de estas instalaciones, para seguir trabajando y seguir creciendo\u201d finaliz\u00f3.<br \/>\nEl jefe de la Unidad, Gabriel Aucar expres\u00f3 su alegr\u00eda porque \u201cadquirimos nuestra propia casa, y vamos a poder estar realmente bien para brindar atenci\u00f3n a la comunidad\u201d. Aucar detall\u00f3 que en 2022 \u201ccerramos con 506 casos de incendios de toda \u00edndole y a lo que vamos en 2023 tuvimos 149 salidas hasta la fecha lo cual es exponencial al 2022\u201d, dijo.<\/p>\n<p>N\u00fameros y entregas en beneficio de las y los bomberos voluntarios<\/p>\n<p>Durante toda la gesti\u00f3n, el Gobierno Provincial invirti\u00f3 una suma estimada de $18 millones y se entregaron a estas asociaciones m\u00e1s de 80 kits de Protecci\u00f3n Personal para Incendios Forestales, m\u00e1s de 80 mochilas forestales, 12 autobombas y herramientas de zapa, con una inversi\u00f3n.<br \/>\nAdem\u00e1s, el Estado Provincial paga el seguro de los m\u00f3viles, el Seguro de Vida y Accidente de todos los Bomberos y Bomberas de cada cuartel del Chaco, demandando una inversi\u00f3n anual de m\u00e1s de 15 millones de pesos.<br \/>\nEn este punto, Capitanich record\u00f3 que siendo Senador Nacional impuls\u00f3 la iniciativa legislativa que permite la asignaci\u00f3n de recursos de forma autom\u00e1tica, a trav\u00e9s de disponibilidad de imposici\u00f3n en materia de cobertura de seguros que sobre implica la distribuci\u00f3n autom\u00e1tica para el fondo y la distribuci\u00f3n presupuestaria para asociaciones de bomberos en cada provincia de Argentina. \u201cSon 33 millones de pesos complementarios a las transferencias de car\u00e1cter nacional\u201d asinti\u00f3.<br \/>\nCapitanich record\u00f3 la firma de un convenio con la Federaci\u00f3n Central de Bomberos Voluntarios para poner en marcha la Brigada Federativa de Bomberos Voluntarios de car\u00e1cter forestal, para realizar el monitoreo respecto a focos \u00edgneos, teniendo en cuenta la sequ\u00eda y las p\u00e9rdidas millonarias para el patrimonio del pa\u00eds, biodiversidad, da\u00f1o ambiental, que perjudican la actividad econ\u00f3mica.<\/p>\n","protected":false},"excerpt":{"rendered":"<p>Con una inversi\u00f3n de m\u00e1s de 10 millones de pesos, este cuartel finalmente tendr\u00e1 su casa propia. Est\u00e1 ubicado sobre las calles Suero y Gobernador Mansilla de Resistencia, y cuenta con un ambiente adecuado y operativo, beneficiando a las 30 bomberas y bomberos que desarrollan sus funciones. El gobernador Jorge Capitanich inaugur\u00f3 este viernes el [&hellip;]<\/p>\n","protected":false},"author":1,"featured_media":20780,"comment_status":"closed","ping_status":"closed","sticky":false,"template":"","format":"standard","meta":{"footnotes":""},"categories":[6],"tags":[],"class_list":{"0":"post-20779","1":"post","2":"type-post","3":"status-publish","4":"format-standard","5":"has-post-thumbnail","7":"category-chaco"},"_links":{"self":[{"href":"https:\/\/chacosintesis.com.ar\/index.php\/wp-json\/wp\/v2\/posts\/20779","targetHints":{"allow":["GET"]}}],"collection":[{"href":"https:\/\/chacosintesis.com.ar\/index.php\/wp-json\/wp\/v2\/posts"}],"about":[{"href":"https:\/\/chacosintesis.com.ar\/index.php\/wp-json\/wp\/v2\/types\/post"}],"author":[{"embeddable":true,"href":"https:\/\/chacosintesis.com.ar\/index.php\/wp-json\/wp\/v2\/users\/1"}],"replies":[{"embeddable":true,"href":"https:\/\/chacosintesis.com.ar\/index.php\/wp-json\/wp\/v2\/comments?post=20779"}],"version-history":[{"count":0,"href":"https:\/\/chacosintesis.com.ar\/index.php\/wp-json\/wp\/v2\/posts\/20779\/revisions"}],"wp:featuredmedia":[{"embeddable":true,"href":"https:\/\/chacosintesis.com.ar\/index.php\/wp-json\/wp\/v2\/media\/20780"}],"wp:attachment":[{"href":"https:\/\/chacosintesis.com.ar\/index.php\/wp-json\/wp\/v2\/media?parent=20779"}],"wp:term":[{"taxonomy":"category","embeddable":true,"href":"https:\/\/chacosintesis.com.ar\/index.php\/wp-json\/wp\/v2\/categories?post=20779"},{"taxonomy":"post_tag","embeddable":true,"href":"https:\/\/chacosintesis.com.ar\/index.php\/wp-json\/wp\/v2\/tags?post=20779"}],"curies":[{"name":"wp","href":"https:\/\/api.w.org\/{rel}","templated":true}]}}