{"id":20744,"date":"2023-04-21T17:33:42","date_gmt":"2023-04-21T20:33:42","guid":{"rendered":"https:\/\/chacosintesis.com.ar\/?p=20744"},"modified":"2023-04-21T17:36:59","modified_gmt":"2023-04-21T20:36:59","slug":"detiene-a-un-hombre-y-recuperan-mas-de-medio-millon-de-pesos","status":"publish","type":"post","link":"https:\/\/chacosintesis.com.ar\/index.php\/detiene-a-un-hombre-y-recuperan-mas-de-medio-millon-de-pesos\/","title":{"rendered":"Detiene a un hombre y recuperan m\u00e1s de medio millon de pesos"},"content":{"rendered":"<p>El dinero fue sustra\u00eddo de un cami\u00f3n. Los del Cuerpo de Operaciones Motorizadas (COM) lo atraparon cuando hu\u00eda del lugar.<br \/>\nEste viernes alrededor de las 11:50, los efectivos del  COM circulaban por la avenida Los Inmigrantes al 286, cuando vieron a un hombre bajar de una moto e ingresar a un cami\u00f3n de transporte de productos alimenticios de una carnicer\u00eda, que se encontraba estacionado.<br \/>\nEl hombre de 46 a\u00f1os, descendi\u00f3 del veh\u00edculo para huir con 606.050 pesos que sustrajo del cami\u00f3n, pero los motorizados lo demoraron.<br \/>\nAdem\u00e1s, comenzaron un operativo para dar con el otro sujeto en motocicleta que huy\u00f3 del lugar al notar la presencia de los uniformados.<br \/>\nSeguidamente,  se present\u00f3 el due\u00f1o del frigor\u00edfico un hombre de 24 a\u00f1os. Mientras  el demorado fue notificado de su aprehensi\u00f3n en la causa supuesto hurto y fue trasladado hasta la Comisaria Duod\u00e9cima junto al dinero.<br \/>\nFinalmente, el chofer y el due\u00f1o del frigor\u00edfico fueron invitados a realizar la denuncia en la Duod\u00e9cima.<br \/>\n<<a href=\"http:\/\/www.avg.com\/email-signature?utm_medium=email&#038;utm_source=link&#038;utm_campaign=sig-email&#038;utm_content=webmail\">www.avg.com\/email-signature?utm_medium=email&amp;utm_source=link&amp;utm_campaign=sig-email&amp;utm_content=webmail<\/a>> Libre de virus.www.avg.com <<a href=\"http:\/\/www.avg.com\/email-signature?utm_medium=email&#038;utm_source=link&#038;utm_campaign=sig-email&#038;utm_content=webmail\">www.avg.com\/email-signature?utm_medium=email&amp;utm_source=link&amp;utm_campaign=sig-email&amp;utm_content=webmail<\/a>> <#DAB4FAD8-2DD7-40BB-A1B8-4E2AA1F9FDF2><\/p>\n","protected":false},"excerpt":{"rendered":"<p>El dinero fue sustra\u00eddo de un cami\u00f3n. Los del Cuerpo de Operaciones Motorizadas (COM) lo atraparon cuando hu\u00eda del lugar. Este viernes alrededor de las 11:50, los efectivos del COM circulaban por la avenida Los Inmigrantes al 286, cuando vieron a un hombre bajar de una moto e ingresar a un cami\u00f3n de transporte de [&hellip;]<\/p>\n","protected":false},"author":1,"featured_media":20745,"comment_status":"closed","ping_status":"closed","sticky":false,"template":"","format":"standard","meta":{"footnotes":""},"categories":[6],"tags":[],"class_list":{"0":"post-20744","1":"post","2":"type-post","3":"status-publish","4":"format-standard","5":"has-post-thumbnail","7":"category-chaco"},"_links":{"self":[{"href":"https:\/\/chacosintesis.com.ar\/index.php\/wp-json\/wp\/v2\/posts\/20744","targetHints":{"allow":["GET"]}}],"collection":[{"href":"https:\/\/chacosintesis.com.ar\/index.php\/wp-json\/wp\/v2\/posts"}],"about":[{"href":"https:\/\/chacosintesis.com.ar\/index.php\/wp-json\/wp\/v2\/types\/post"}],"author":[{"embeddable":true,"href":"https:\/\/chacosintesis.com.ar\/index.php\/wp-json\/wp\/v2\/users\/1"}],"replies":[{"embeddable":true,"href":"https:\/\/chacosintesis.com.ar\/index.php\/wp-json\/wp\/v2\/comments?post=20744"}],"version-history":[{"count":0,"href":"https:\/\/chacosintesis.com.ar\/index.php\/wp-json\/wp\/v2\/posts\/20744\/revisions"}],"wp:featuredmedia":[{"embeddable":true,"href":"https:\/\/chacosintesis.com.ar\/index.php\/wp-json\/wp\/v2\/media\/20745"}],"wp:attachment":[{"href":"https:\/\/chacosintesis.com.ar\/index.php\/wp-json\/wp\/v2\/media?parent=20744"}],"wp:term":[{"taxonomy":"category","embeddable":true,"href":"https:\/\/chacosintesis.com.ar\/index.php\/wp-json\/wp\/v2\/categories?post=20744"},{"taxonomy":"post_tag","embeddable":true,"href":"https:\/\/chacosintesis.com.ar\/index.php\/wp-json\/wp\/v2\/tags?post=20744"}],"curies":[{"name":"wp","href":"https:\/\/api.w.org\/{rel}","templated":true}]}}