{"id":20734,"date":"2023-04-21T17:05:43","date_gmt":"2023-04-21T20:05:43","guid":{"rendered":"https:\/\/chacosintesis.com.ar\/?p=20734"},"modified":"2023-04-21T17:07:14","modified_gmt":"2023-04-21T20:07:14","slug":"el-consejo-ejecutivo-se-reunio-con-representantes-de-los-tres-poderes-del-estado","status":"publish","type":"post","link":"https:\/\/chacosintesis.com.ar\/index.php\/el-consejo-ejecutivo-se-reunio-con-representantes-de-los-tres-poderes-del-estado\/","title":{"rendered":"El Consejo Ejecutivo se reuni\u00f3 con representantes de los tres poderes del Estado"},"content":{"rendered":"<p>El sector, dependiente de la Secretar\u00eda General de la Gobernaci\u00f3n, avanza con trabajos estrat\u00e9gicos con los Poderes Judicial, Legislativo y Ejecutivo.<br \/>\nEl Consejo Ejecutivo por los Objetivos de Desarrollo Sostenible en el Chaco, dependiente de la Secretar\u00eda General de la Gobernaci\u00f3n, contin\u00faa abordando su Plan de Acci\u00f3n Estrat\u00e9gico junto a todas las \u00e1reas de gobierno provincial y a los otros poderes del Estado.<br \/>\nEn ese marco, concret\u00f3 una reuni\u00f3n ejecutiva a trav\u00e9s de los puntos focales designados, a fines de dar presentaci\u00f3n a la metodolog\u00eda de trabajo para la medici\u00f3n de metas y ejecuci\u00f3n presupuestaria con vinculaci\u00f3n a los ODS, dichos objetivos fueron preestablecidos para incorporar a su labor.<\/p>\n<p>Poder Ejecutivo: territorializaci\u00f3n y sensibilizaci\u00f3n de los ODS<br \/>\nEn el caso del Poder Ejecutivo, se inform\u00f3 que se dar\u00e1 perfeccionamiento de la planificaci\u00f3n de las pol\u00edticas p\u00fablicas con perspectiva ODS en el marco de Indicadores, avanzando en el proceso de localizaci\u00f3n de los ODS en los municipios.<br \/>\nAdem\u00e1s, se establecer\u00e1 una planificaci\u00f3n para el abordaje de capacitaciones para aquellos municipios que requieran que la misma se realice de forma presencial.<\/p>\n<p>Poder Legislativo y Poder Judicial<br \/>\nSe present\u00f3 el Informe de leyes sancionadas con perspectiva en ODS en 2022, y se buscan nuevas iniciativas legislativas para consolidar el abordaje de los ODS como pol\u00edtica de estado: presupuesto p\u00fablico con matriz ODS.<br \/>\nAsimismo, en el Poder Judicial, se realiz\u00f3 el Encuentro de Jueces por los ODS, con la finalidad de incorporar los ODS en la argumentaci\u00f3n de las sentencias, perfeccionando la planificaci\u00f3n de las pol\u00edticas p\u00fablicas con perspectiva ODS, en el marco de Indicadores ODS.<br \/>\n<<a href=\"http:\/\/www.avg.com\/email-signature?utm_medium=email&#038;utm_source=link&#038;utm_campaign=sig-email&#038;utm_content=webmail\">www.avg.com\/email-signature?utm_medium=email&amp;utm_source=link&amp;utm_campaign=sig-email&amp;utm_content=webmail<\/a>> Libre de virus.www.avg.com <<a href=\"http:\/\/www.avg.com\/email-signature?utm_medium=email&#038;utm_source=link&#038;utm_campaign=sig-email&#038;utm_content=webmail\">www.avg.com\/email-signature?utm_medium=email&amp;utm_source=link&amp;utm_campaign=sig-email&amp;utm_content=webmail<\/a>> <#DAB4FAD8-2DD7-40BB-A1B8-4E2AA1F9FDF2><\/p>\n","protected":false},"excerpt":{"rendered":"<p>El sector, dependiente de la Secretar\u00eda General de la Gobernaci\u00f3n, avanza con trabajos estrat\u00e9gicos con los Poderes Judicial, Legislativo y Ejecutivo. El Consejo Ejecutivo por los Objetivos de Desarrollo Sostenible en el Chaco, dependiente de la Secretar\u00eda General de la Gobernaci\u00f3n, contin\u00faa abordando su Plan de Acci\u00f3n Estrat\u00e9gico junto a todas las \u00e1reas de gobierno [&hellip;]<\/p>\n","protected":false},"author":1,"featured_media":20735,"comment_status":"closed","ping_status":"closed","sticky":false,"template":"","format":"standard","meta":{"footnotes":""},"categories":[6],"tags":[],"class_list":{"0":"post-20734","1":"post","2":"type-post","3":"status-publish","4":"format-standard","5":"has-post-thumbnail","7":"category-chaco"},"_links":{"self":[{"href":"https:\/\/chacosintesis.com.ar\/index.php\/wp-json\/wp\/v2\/posts\/20734","targetHints":{"allow":["GET"]}}],"collection":[{"href":"https:\/\/chacosintesis.com.ar\/index.php\/wp-json\/wp\/v2\/posts"}],"about":[{"href":"https:\/\/chacosintesis.com.ar\/index.php\/wp-json\/wp\/v2\/types\/post"}],"author":[{"embeddable":true,"href":"https:\/\/chacosintesis.com.ar\/index.php\/wp-json\/wp\/v2\/users\/1"}],"replies":[{"embeddable":true,"href":"https:\/\/chacosintesis.com.ar\/index.php\/wp-json\/wp\/v2\/comments?post=20734"}],"version-history":[{"count":0,"href":"https:\/\/chacosintesis.com.ar\/index.php\/wp-json\/wp\/v2\/posts\/20734\/revisions"}],"wp:featuredmedia":[{"embeddable":true,"href":"https:\/\/chacosintesis.com.ar\/index.php\/wp-json\/wp\/v2\/media\/20735"}],"wp:attachment":[{"href":"https:\/\/chacosintesis.com.ar\/index.php\/wp-json\/wp\/v2\/media?parent=20734"}],"wp:term":[{"taxonomy":"category","embeddable":true,"href":"https:\/\/chacosintesis.com.ar\/index.php\/wp-json\/wp\/v2\/categories?post=20734"},{"taxonomy":"post_tag","embeddable":true,"href":"https:\/\/chacosintesis.com.ar\/index.php\/wp-json\/wp\/v2\/tags?post=20734"}],"curies":[{"name":"wp","href":"https:\/\/api.w.org\/{rel}","templated":true}]}}