{"id":20730,"date":"2023-04-21T16:52:18","date_gmt":"2023-04-21T19:52:18","guid":{"rendered":"https:\/\/chacosintesis.com.ar\/?p=20730"},"modified":"2023-04-21T17:07:13","modified_gmt":"2023-04-21T20:07:13","slug":"el-gobierno-y-la-firma-gensus-definieron-convenio-para-proveer-semillas-a-pequenos-productores","status":"publish","type":"post","link":"https:\/\/chacosintesis.com.ar\/index.php\/el-gobierno-y-la-firma-gensus-definieron-convenio-para-proveer-semillas-a-pequenos-productores\/","title":{"rendered":"El Gobierno y la firma Gensus definieron convenio para proveer semillas a peque\u00f1os productores"},"content":{"rendered":"<p>Avanzaron en el acuerdo de multiplicaci\u00f3n de la materia prima, de cara a la pr\u00f3xima campa\u00f1a algodonera. A\u00f1os anteriores se llegaron a 55.000 bolsas para asistir a m\u00e1s de 1.000 peque\u00f1os productores en toda la provincia.<br \/>\nEl gobernador Jorge Capitanich se reuni\u00f3 este jueves con representantes de la empresa Gensus SA para definir un nuevo convenio que permita la provisi\u00f3n de semillas de algod\u00f3n para peque\u00f1os productores de la provincia, de cara a lo que ser\u00e1 la pr\u00f3xima campa\u00f1a de siembra algodonera.<br \/>\n\u201cEs importante promover el v\u00ednculo entre el sector p\u00fablico y privado permitiendo que los peque\u00f1os productores de nuestra provincia puedan acceder a la misma tecnolog\u00eda que los grandes productores\u201d, sostuvo el gobernador, quien junto a la subsecretaria de Agricultura, Flavia Francescutti, recibi\u00f3 a las autoridades de Gensus SA, Pablo Vaquero (presidente) y Federico Pochat (director de Operaciones)<br \/>\nEl objetivo de la reuni\u00f3n fue trabajar en la renovaci\u00f3n del acuerdo de multiplicaci\u00f3n de semillas de alta calidad para la pr\u00f3xima campa\u00f1a algodonera de la provincia, con la meta de brindar esta materia prima a productores chaque\u00f1os. Hay que recordar que durante las siembras anteriores se llegaron a 55.000 bolsas de semillas y se asistieron a m\u00e1s de 1.000 peque\u00f1os productores en toda la provincia.<br \/>\nAl respecto, la subsecretaria de Agricultura, Flavia Francescutti, sostuvo que \u201cdesde el Gobierno venimos trabajando con Gensus de muy buena manera, y pensamos en avanzar en futuros convenios con otros semilleros, esta vez buscando desarrollar semillas con resistencia al picudo. Fue una reuni\u00f3n muy positiva, ya que el gobernador cada vez que recibe un proyecto se propone ampliarlo, y eso fortalece la producci\u00f3n chaque\u00f1a\u201d.<br \/>\nPor su parte, el presidente de Gensus, Pablo Vaquero, destac\u00f3 el trabajo en conjunto que viene desarrollando con la subsecretar\u00eda de Agricultura y explic\u00f3 que \u201chace a\u00f1os venimos multiplicando y procesando las semillas en nuestra planta de Avia Terai, y as\u00ed proveer a la provincia de bolsas para abastecer a productores que necesitan\u201d.<br \/>\nAdem\u00e1s, el empresario hizo hincapi\u00e9 en la importancia del v\u00ednculo entre el sector p\u00fablico y el privado: \u201cComo Pyme chaque\u00f1a, hemos encontrado en el Gobierno a un aliado estrat\u00e9gico para seguir llevando semillas de calidad, con nuevas variedades que ha desarrollado el INTA en los \u00faltimos a\u00f1os, al productor agropecuario, quien termina accediendo a las mismas tecnolog\u00edas a las que accede el productor grande\u201d, dijo.<br \/>\nLa compa\u00f1\u00eda Gensus se cre\u00f3 en 2016 y dispone de una planta con tecnolog\u00eda de punta que funciona con un importante exceso de capacidad y costes operativos competitivos, cumpliendo con todas las exigencias medioambientales requeridas a nivel provincial y nacional.<br \/>\nLa firma cuenta adem\u00e1s con el \u00fanico laboratorio privado habilitado por INASE para el procesamiento de semilla de algod\u00f3n, lo cual garantiza la calidad de cada una de las bolsas que son entregadas. Actualmente, cuenta con 35 colaboradores en relaci\u00f3n de dependencia que llevan adelante el crecimiento de la empresa.<\/p>\n<p><<a href=\"http:\/\/www.avg.com\/email-signature?utm_medium=email&#038;utm_source=link&#038;utm_campaign=sig-email&#038;utm_content=webmail\">www.avg.com\/email-signature?utm_medium=email&amp;utm_source=link&amp;utm_campaign=sig-email&amp;utm_content=webmail<\/a>> Libre de virus.www.avg.com <<a href=\"http:\/\/www.avg.com\/email-signature?utm_medium=email&#038;utm_source=link&#038;utm_campaign=sig-email&#038;utm_content=webmail\">www.avg.com\/email-signature?utm_medium=email&amp;utm_source=link&amp;utm_campaign=sig-email&amp;utm_content=webmail<\/a>> <#DAB4FAD8-2DD7-40BB-A1B8-4E2AA1F9FDF2><\/p>\n","protected":false},"excerpt":{"rendered":"<p>Avanzaron en el acuerdo de multiplicaci\u00f3n de la materia prima, de cara a la pr\u00f3xima campa\u00f1a algodonera. A\u00f1os anteriores se llegaron a 55.000 bolsas para asistir a m\u00e1s de 1.000 peque\u00f1os productores en toda la provincia. El gobernador Jorge Capitanich se reuni\u00f3 este jueves con representantes de la empresa Gensus SA para definir un nuevo [&hellip;]<\/p>\n","protected":false},"author":1,"featured_media":20731,"comment_status":"closed","ping_status":"closed","sticky":false,"template":"","format":"standard","meta":{"footnotes":""},"categories":[6],"tags":[],"class_list":{"0":"post-20730","1":"post","2":"type-post","3":"status-publish","4":"format-standard","5":"has-post-thumbnail","7":"category-chaco"},"_links":{"self":[{"href":"https:\/\/chacosintesis.com.ar\/index.php\/wp-json\/wp\/v2\/posts\/20730","targetHints":{"allow":["GET"]}}],"collection":[{"href":"https:\/\/chacosintesis.com.ar\/index.php\/wp-json\/wp\/v2\/posts"}],"about":[{"href":"https:\/\/chacosintesis.com.ar\/index.php\/wp-json\/wp\/v2\/types\/post"}],"author":[{"embeddable":true,"href":"https:\/\/chacosintesis.com.ar\/index.php\/wp-json\/wp\/v2\/users\/1"}],"replies":[{"embeddable":true,"href":"https:\/\/chacosintesis.com.ar\/index.php\/wp-json\/wp\/v2\/comments?post=20730"}],"version-history":[{"count":0,"href":"https:\/\/chacosintesis.com.ar\/index.php\/wp-json\/wp\/v2\/posts\/20730\/revisions"}],"wp:featuredmedia":[{"embeddable":true,"href":"https:\/\/chacosintesis.com.ar\/index.php\/wp-json\/wp\/v2\/media\/20731"}],"wp:attachment":[{"href":"https:\/\/chacosintesis.com.ar\/index.php\/wp-json\/wp\/v2\/media?parent=20730"}],"wp:term":[{"taxonomy":"category","embeddable":true,"href":"https:\/\/chacosintesis.com.ar\/index.php\/wp-json\/wp\/v2\/categories?post=20730"},{"taxonomy":"post_tag","embeddable":true,"href":"https:\/\/chacosintesis.com.ar\/index.php\/wp-json\/wp\/v2\/tags?post=20730"}],"curies":[{"name":"wp","href":"https:\/\/api.w.org\/{rel}","templated":true}]}}