{"id":2072,"date":"2019-02-08T08:10:02","date_gmt":"2019-02-08T11:10:02","guid":{"rendered":"https:\/\/chacosintesis.com.ar\/2019\/02\/08\/mauricio-macri-estoy-en-cortocircuito-porque-no-me-siento-de-60-anos\/"},"modified":"2019-02-08T10:59:31","modified_gmt":"2019-02-08T13:59:31","slug":"mauricio-macri-estoy-en-cortocircuito-porque-no-me-siento-de-60-anos","status":"publish","type":"post","link":"https:\/\/chacosintesis.com.ar\/index.php\/mauricio-macri-estoy-en-cortocircuito-porque-no-me-siento-de-60-anos\/","title":{"rendered":"Mauricio Macri: \u201cEstoy en cortocircuito porque no me siento de 60 a\u00f1os\u201d"},"content":{"rendered":"<p>Mauricio Macri: \u201cEstoy en cortocircuito porque no me siento de 60 a\u00f1os\u201d<br \/>\n<br \/>\n<img decoding=\"async\" src=\"data:image\/gif;base64,R0lGODlhAQABAIAAAAAAAP\/\/\/ywAAAAAAQABAAACAUwAOw==\" fifu-lazy=\"1\" fifu-data-sizes=\"auto\" fifu-data-srcset=\"https:\/\/i0.wp.com\/www.rionegro.com.ar\/binrepository\/1114x593\/0c0\/0d0\/none\/12350\/VTAW\/image_content_10554838_20190208080551.jpg?ssl=1&w=75&resize=75&ssl=1 75w, https:\/\/i0.wp.com\/www.rionegro.com.ar\/binrepository\/1114x593\/0c0\/0d0\/none\/12350\/VTAW\/image_content_10554838_20190208080551.jpg?ssl=1&w=100&resize=100&ssl=1 100w, https:\/\/i0.wp.com\/www.rionegro.com.ar\/binrepository\/1114x593\/0c0\/0d0\/none\/12350\/VTAW\/image_content_10554838_20190208080551.jpg?ssl=1&w=150&resize=150&ssl=1 150w, https:\/\/i0.wp.com\/www.rionegro.com.ar\/binrepository\/1114x593\/0c0\/0d0\/none\/12350\/VTAW\/image_content_10554838_20190208080551.jpg?ssl=1&w=240&resize=240&ssl=1 240w, https:\/\/i0.wp.com\/www.rionegro.com.ar\/binrepository\/1114x593\/0c0\/0d0\/none\/12350\/VTAW\/image_content_10554838_20190208080551.jpg?ssl=1&w=320&resize=320&ssl=1 320w, https:\/\/i0.wp.com\/www.rionegro.com.ar\/binrepository\/1114x593\/0c0\/0d0\/none\/12350\/VTAW\/image_content_10554838_20190208080551.jpg?ssl=1&w=500&resize=500&ssl=1 500w, https:\/\/i0.wp.com\/www.rionegro.com.ar\/binrepository\/1114x593\/0c0\/0d0\/none\/12350\/VTAW\/image_content_10554838_20190208080551.jpg?ssl=1&w=640&resize=640&ssl=1 640w, https:\/\/i0.wp.com\/www.rionegro.com.ar\/binrepository\/1114x593\/0c0\/0d0\/none\/12350\/VTAW\/image_content_10554838_20190208080551.jpg?ssl=1&w=800&resize=800&ssl=1 800w, https:\/\/i0.wp.com\/www.rionegro.com.ar\/binrepository\/1114x593\/0c0\/0d0\/none\/12350\/VTAW\/image_content_10554838_20190208080551.jpg?ssl=1&w=1024&resize=1024&ssl=1 1024w, https:\/\/i0.wp.com\/www.rionegro.com.ar\/binrepository\/1114x593\/0c0\/0d0\/none\/12350\/VTAW\/image_content_10554838_20190208080551.jpg?ssl=1&w=1280&resize=1280&ssl=1 1280w, https:\/\/i0.wp.com\/www.rionegro.com.ar\/binrepository\/1114x593\/0c0\/0d0\/none\/12350\/VTAW\/image_content_10554838_20190208080551.jpg?ssl=1&w=1600&resize=1600&ssl=1 1600w\" fifu-data-src=\"https:\/\/i0.wp.com\/www.rionegro.com.ar\/binrepository\/1114x593\/0c0\/0d0\/none\/12350\/VTAW\/image_content_10554838_20190208080551.jpg?ssl=1\"><\/p>\n<p><b>El presidente Mauricio Macri brind\u00f3 una entrevista de tono intimista al fil\u00f3sofo Alejandro Rozitchner donde se refiri\u00f3 a la edad<\/b>, a la vida en general, y a su padre, en un encuentro que dur\u00f3 16 minutos y que se realiz\u00f3 anoche, en la v\u00edspera de su cumplea\u00f1os n\u00famero 60.<\/p>\n<p><b><\/b><\/p>\n<p><b>\u201cMe est\u00e1 costando asumir este d\u00edgito, porque cuando mi viejo cumpli\u00f3 60, tengo patente haber dicho: \u2018Qu\u00e9 viejo que est\u00e1\u2019.<\/b> Claro, yo ten\u00eda 30. Me parec\u00eda que era una edad a la que era imposible llegar. Y de golpe lleg\u00f3\u201d, confi\u00f3 el mandatario. Adem\u00e1s admiti\u00f3 que est\u00e1 en \u201ccortocircuito\u201d porque \u201cno\u201d se siente de 60.<\/p>\n<p><b><\/b><\/p>\n<p><b>\u201cEstoy en cortocircuito porque no me siento de 60\u201d, desliz\u00f3, al tiempo que consider\u00f3 que \u201cla vejez pasa por la cabeza\u201d. <\/b>En este sentido, el Presidente record\u00f3 un episodio que casi le cuesta la vida: \u201cYo casi me mato a los 39, porque empec\u00e9 a darme manija con los 40 y me choqu\u00e9 con un \u00e1rbol esquiando en Estados Unidos. Estuve nueve d\u00edas en terapia intensiva. Yo hice algo en ese bosque totalmente irracional que me llev\u00f3 a chocar con los \u00e1rboles, porque quise demostrarme que ten\u00eda 20. Fue una estupidez que casi me cuesta la vida\u201d, interpret\u00f3.<\/p>\n<\/p>\n<p>En la misma l\u00ednea, ponder\u00f3 la \u201csabidur\u00eda\u201d que le dieron los a\u00f1os, y cont\u00f3 que se entrena todos los d\u00edas antes de las 7 de la ma\u00f1ana y que es \u201cansioso\u201d. <b>Macri dijo que tiene varias cosas pendientes para su vida una vez que se retire de la funci\u00f3n p\u00fablica.<\/b><\/p>\n<\/p>\n<p><b>Te puede interesar | <a rel=\"follow\" href=\"https:\/\/www.rionegro.com.ar\/argentina\/macri-sobre-la-inflacion-nos-esta-costando-mas-de-lo-que-imagine-KF6351804\" target=\"_blank\">Macri sobre la inflaci\u00f3n: \u201cNos est\u00e1 costando m\u00e1s de lo que imagin\u00e9\u201d<\/a><\/b><\/p>\n<\/p>\n<p>\u201cQuiero aprender a cocinar bien, quiero aprender de paisajismo. Tambi\u00e9n me gustar\u00eda saber m\u00e1s sobre el mundo digital, que soy bastante b\u00e1sico. <b>Tengo varios libros atrasados. Me gusta dedicarle m\u00e1s tiempo el cine, a las series. Quiero aprender a jugar mejor a las cartas\u201d, enumer\u00f3.<\/b><\/p>\n<\/p>\n<p>Por otra parte, <b>respondi\u00f3 que \u201cni a palos\u201d se imagin\u00f3 que iba a llegar a ser Presidente: \u201cPensaba que iba a ser presidente de Boca, tal vez intendente.<\/b> Y menos pensaba que iba a ser pap\u00e1 a esta edad y la relaci\u00f3n que tengo con Antonia. Son cosas que te sorprenden y que hacen que te sientas joven\u201d.<\/p>\n<\/p>\n<p>\u201cLo m\u00e1s importante a esta edad son los afectos. Pero muchos lo dicen y no lo internalizan. Para m\u00ed es un tema central, sobre todo en la tarea que hago, que es el servicio p\u00fablico, muchas veces muy ingrato. <b>La puedo hacer gracias a los afectos, que me nutren y me energizan\u201d, confes\u00f3. <\/b><\/p>\n<\/p>\n<p><b>Te puede interesar | <a rel=\"follow\" href=\"https:\/\/www.rionegro.com.ar\/argentina\/macri-con-una-justicia-asi-no-hay-policia-que-alcance-AD6324525\" target=\"_blank\">Macri: \u201cCon una Justicia as\u00ed, no hay polic\u00eda que alcance\u201d<\/a><\/b><\/p>\n<p><b><\/b><\/p>\n<p><b>Luego Macri a\u00f1adi\u00f3: \u201cAntes era muy inmaduro, especialmente en mi relaci\u00f3n de pareja. Era much\u00edsimo m\u00e1s ego\u00edsta<\/b>, no sab\u00eda compartir. Y con mis hijos siempre he sido muy cari\u00f1oso, pero los pon\u00eda con otras cosas para disputar el tiempo. Hoy no, hoy estoy cuando me piden\u201d.<\/p>\n<\/p>\n<p>\u201cCon Antonia y hasta con Valentina estoy mucho m\u00e1s\u201d, cont\u00f3 el Jefe de Estado. <b>En tanto, frente a la pregunta de c\u00f3mo se lleva con la muerte, Macri respondi\u00f3 que est\u00e1 \u201cempezando a socializar<\/b>\u201d, profundiz\u00f3 en el tema y hasta habl\u00f3 de su relaci\u00f3n con su padre, Franco.<\/p>\n<p><b><\/b><\/p>\n<p><b>\u201cEspero que me toque una muerte r\u00e1pida, tampoco quiero quedarme atrapado en la vida como lo est\u00e1 pasando mi padre,<\/b> que est\u00e1 ac\u00e1 y no est\u00e1 ac\u00e1. Hace m\u00e1s de un a\u00f1o est\u00e1 postrado ah\u00ed y si tiene alg\u00fan momento de lucidez, la debe pasar muy mal. Porque debe tomar conciencia de su incapacidad de hacer y su p\u00e9rdida de vitalidad\u201d, dijo.<\/p>\n<\/p>\n<p>Y relat\u00f3 que su \u00faltimo contacto consciente con su padre fue hace un a\u00f1o. <b>\u201cLa \u00faltima vez, me pidi\u00f3 que le diera una pastillita para sacarlo de ac\u00e1. Imagin\u00e1te, eso no se puede.<\/b> Ya no puedo hacer nada. Depende de asistencia de terceros. Y le dije: \u2018No puedo, pap\u00e1, no se puede\u2019\u201d, finaliz\u00f3 el Presidente.<\/p>\n<p>Fuente: rionergo argentina<\/p>\n","protected":false},"excerpt":{"rendered":"<p>Mauricio Macri: \u201cEstoy en cortocircuito porque no me siento de 60 a\u00f1os\u201d El presidente Mauricio Macri brind\u00f3 una entrevista de tono intimista al fil\u00f3sofo Alejandro Rozitchner donde se refiri\u00f3 a la edad, a la vida en general, y a su padre, en un encuentro que dur\u00f3 16 minutos y que se realiz\u00f3 anoche, en la [&hellip;]<\/p>\n","protected":false},"author":1,"featured_media":2073,"comment_status":"false","ping_status":"open","sticky":false,"template":"","format":"standard","meta":{"footnotes":""},"categories":[8],"tags":[167],"class_list":{"0":"post-2072","1":"post","2":"type-post","3":"status-publish","4":"format-standard","5":"has-post-thumbnail","7":"category-nacionales","8":"tag-work"},"_links":{"self":[{"href":"https:\/\/chacosintesis.com.ar\/index.php\/wp-json\/wp\/v2\/posts\/2072","targetHints":{"allow":["GET"]}}],"collection":[{"href":"https:\/\/chacosintesis.com.ar\/index.php\/wp-json\/wp\/v2\/posts"}],"about":[{"href":"https:\/\/chacosintesis.com.ar\/index.php\/wp-json\/wp\/v2\/types\/post"}],"author":[{"embeddable":true,"href":"https:\/\/chacosintesis.com.ar\/index.php\/wp-json\/wp\/v2\/users\/1"}],"replies":[{"embeddable":true,"href":"https:\/\/chacosintesis.com.ar\/index.php\/wp-json\/wp\/v2\/comments?post=2072"}],"version-history":[{"count":0,"href":"https:\/\/chacosintesis.com.ar\/index.php\/wp-json\/wp\/v2\/posts\/2072\/revisions"}],"wp:featuredmedia":[{"embeddable":true,"href":"https:\/\/chacosintesis.com.ar\/index.php\/wp-json\/wp\/v2\/media\/2073"}],"wp:attachment":[{"href":"https:\/\/chacosintesis.com.ar\/index.php\/wp-json\/wp\/v2\/media?parent=2072"}],"wp:term":[{"taxonomy":"category","embeddable":true,"href":"https:\/\/chacosintesis.com.ar\/index.php\/wp-json\/wp\/v2\/categories?post=2072"},{"taxonomy":"post_tag","embeddable":true,"href":"https:\/\/chacosintesis.com.ar\/index.php\/wp-json\/wp\/v2\/tags?post=2072"}],"curies":[{"name":"wp","href":"https:\/\/api.w.org\/{rel}","templated":true}]}}