{"id":20718,"date":"2023-04-21T16:18:46","date_gmt":"2023-04-21T19:18:46","guid":{"rendered":"https:\/\/chacosintesis.com.ar\/?p=20718"},"modified":"2023-04-21T16:37:21","modified_gmt":"2023-04-21T19:37:21","slug":"es-una-actitud-de-grandeza-politica-dijo-capitanich","status":"publish","type":"post","link":"https:\/\/chacosintesis.com.ar\/index.php\/es-una-actitud-de-grandeza-politica-dijo-capitanich\/","title":{"rendered":"\u201cEs una actitud de grandeza pol\u00edtica\u201d, dijo Capitanich"},"content":{"rendered":"<p>El mandatario chaque\u00f1o destac\u00f3 que esta decisi\u00f3n permite trabajar la apertura y la unidad del Frente de Todos. Tambi\u00e9n destac\u00f3 el gesto de grandeza del presidente Alberto Fern\u00e1ndez, al dar un paso al costado.<br \/>\nEl gobernador Jorge Capitanich se refiri\u00f3 este viernes a la decisi\u00f3n del presidente Alberto Fern\u00e1ndez de declinar presentarse a la reelecci\u00f3n en los comicios. \u201cCreemos que es una actitud de grandeza pol\u00edtica del presidente Alberto Fern\u00e1ndez, con quien me une un gran afecto personal\u201d, dijo Capitanich.<br \/>\nEn este sentido asegur\u00f3: \u201cMe parece que es un tiempo y una gran decisi\u00f3n que permite definitivamente generar un espacio que potencie nuestras posibilidades electorales hacia el futuro\u201d.<br \/>\nEn Presidencia Roque S\u00e1enz Pe\u00f1a, donde inaugur\u00f3 un nuevo edificio del Procrear, el gobernador Capitanich respondi\u00f3 a los medios de prensa sobre el reciente anuncio realizado por el presidente Alberto Fern\u00e1ndez de que no se presentar\u00e1 como candidato para ser reelecto en las pr\u00f3ximas elecciones generales de octubre.<br \/>\n\u201cCreo que es una una grandeza pol\u00edtica. El ( por Alberto Fernandez) debe  ineludiblemente  a participar como l\u00edder pol\u00edtico para generar las condiciones de buscar el m\u00e1ximo consenso, la unidad en la diversidad de nuestro espacio, una estrategia pol\u00edtica electoral que nos garantice un acuerdo program\u00e1tico, s\u00f3lido, desde el punto de vista pol\u00edtico, econ\u00f3mico y social, que garantice la conformaci\u00f3n de equipos con ideas transformadoras y obviamente un liderazgo que se asiente en la diversidad y la pluralidad que tiene nuestro espacio, pero que a su vez acepte los desaf\u00edos que significa gobernar una Argentina con muchos problemas en un contexto internacional complejo\u201d, dijo Capitanich.<br \/>\nEn este contexto el gobernador asegur\u00f3: \u201cNo cabe la menor duda que si fortalecemos nuestra identidad patri\u00f3tica, si somos capaces de engendrar la unidad por encima de las diferencias y si somos capaces de trabajar unidos,   tendremos un triunfo electoral que nos permita garantizar una nueva oportunidad para seguir gobernando los destinos de la patria, pero sobre todo con los desaf\u00edos que el pueblo necesita\u201d.<br \/>\nAl ser consultado sobre el escenario pol\u00edtico que se avecina dentro del oficialismo, el gobernador se\u00f1al\u00f3: \u201cEs muy importante remarcar, primero, Alberto Fern\u00e1ndez es el presidente de la Rep\u00fablica y presidente del Partido Justicialista y a su vez ejerce obviamente la conducci\u00f3n del Frente de Todos, junto a la l\u00edder indiscutible de nuestro espacio, que es Cristina Fern\u00e1ndez de Kirchner, quien obviamente fue la arquitecta y la constructora pol\u00edtica del espacio en el a\u00f1o 2019 para garantizar el triunfo electoral\u201d.<br \/>\n\u201c Ahora, en un contexto en donde pandemia, guerra y sequ\u00eda generaron un combo que afecta a una econom\u00eda extremadamente vulnerable en un contexto de alto endeudamiento previo y obviamente con las dificultades que nos dej\u00f3 el gobierno de Macri,  eso significa claramente un nuevo dise\u00f1o desde el punto de vista pol\u00edtico\u201d, se\u00f1al\u00f3 .<br \/>\n\u201c Entiendo que las pr\u00f3ximas elecciones tienen tres etapas distintas, las primarias, las elecciones generales y un eventual balotage. Entonces, \u00bfqu\u00e9 significa eso? Las primarias pueden generar un modelo de tres tercios, pero que a su vez va a generar un nivel de mayor concentraci\u00f3n del voto en las elecciones generales. Entonces, vamos a pasar de una l\u00f3gica amplia, plural y democr\u00e1tica, con diversidad de opiniones y de fuentes de expresi\u00f3n pol\u00edtica, a una l\u00f3gica binaria de opciones en un balotaje\u201d, dijo y se pregunt\u00f3 \u201centonces, \u00bfqu\u00e9 significa eso? Cuando se tenga que elegir, se va a tener que elegir tres cosas importantes: primero:  Estado s\u00ed, Estado no; segundo distribuci\u00f3n equitativa del ingreso o no; y tercero producci\u00f3n o especulaci\u00f3n financiera\u201d.<br \/>\n\u201cNosotros tenemos la mayor\u00eda de gobernadores, la mayor\u00eda de intendentes, la mayor\u00eda de senadores y diputados, la mayor\u00eda de legisladores, tenemos los trabajadores, tenemos los empresarios de peque\u00f1as y medianas empresas, tenemos los vecinos y vecinas de distintos municipios, desde comisiones de fomento hasta municipios de gran escala, tenemos cuadros y dirigentes pol\u00edticos y tenemos, obviamente, una convicci\u00f3n, que es defender los intereses de la Patria. \u201c<\/p>\n<p><<a href=\"http:\/\/www.avg.com\/email-signature?utm_medium=email&#038;utm_source=link&#038;utm_campaign=sig-email&#038;utm_content=webmail\">www.avg.com\/email-signature?utm_medium=email&amp;utm_source=link&amp;utm_campaign=sig-email&amp;utm_content=webmail<\/a>> Libre de virus.www.avg.com <<a href=\"http:\/\/www.avg.com\/email-signature?utm_medium=email&#038;utm_source=link&#038;utm_campaign=sig-email&#038;utm_content=webmail\">www.avg.com\/email-signature?utm_medium=email&amp;utm_source=link&amp;utm_campaign=sig-email&amp;utm_content=webmail<\/a>> <#DAB4FAD8-2DD7-40BB-A1B8-4E2AA1F9FDF2><\/p>\n","protected":false},"excerpt":{"rendered":"<p>El mandatario chaque\u00f1o destac\u00f3 que esta decisi\u00f3n permite trabajar la apertura y la unidad del Frente de Todos. Tambi\u00e9n destac\u00f3 el gesto de grandeza del presidente Alberto Fern\u00e1ndez, al dar un paso al costado. El gobernador Jorge Capitanich se refiri\u00f3 este viernes a la decisi\u00f3n del presidente Alberto Fern\u00e1ndez de declinar presentarse a la reelecci\u00f3n [&hellip;]<\/p>\n","protected":false},"author":1,"featured_media":20719,"comment_status":"closed","ping_status":"closed","sticky":false,"template":"","format":"standard","meta":{"footnotes":""},"categories":[6],"tags":[],"class_list":{"0":"post-20718","1":"post","2":"type-post","3":"status-publish","4":"format-standard","5":"has-post-thumbnail","7":"category-chaco"},"_links":{"self":[{"href":"https:\/\/chacosintesis.com.ar\/index.php\/wp-json\/wp\/v2\/posts\/20718","targetHints":{"allow":["GET"]}}],"collection":[{"href":"https:\/\/chacosintesis.com.ar\/index.php\/wp-json\/wp\/v2\/posts"}],"about":[{"href":"https:\/\/chacosintesis.com.ar\/index.php\/wp-json\/wp\/v2\/types\/post"}],"author":[{"embeddable":true,"href":"https:\/\/chacosintesis.com.ar\/index.php\/wp-json\/wp\/v2\/users\/1"}],"replies":[{"embeddable":true,"href":"https:\/\/chacosintesis.com.ar\/index.php\/wp-json\/wp\/v2\/comments?post=20718"}],"version-history":[{"count":0,"href":"https:\/\/chacosintesis.com.ar\/index.php\/wp-json\/wp\/v2\/posts\/20718\/revisions"}],"wp:featuredmedia":[{"embeddable":true,"href":"https:\/\/chacosintesis.com.ar\/index.php\/wp-json\/wp\/v2\/media\/20719"}],"wp:attachment":[{"href":"https:\/\/chacosintesis.com.ar\/index.php\/wp-json\/wp\/v2\/media?parent=20718"}],"wp:term":[{"taxonomy":"category","embeddable":true,"href":"https:\/\/chacosintesis.com.ar\/index.php\/wp-json\/wp\/v2\/categories?post=20718"},{"taxonomy":"post_tag","embeddable":true,"href":"https:\/\/chacosintesis.com.ar\/index.php\/wp-json\/wp\/v2\/tags?post=20718"}],"curies":[{"name":"wp","href":"https:\/\/api.w.org\/{rel}","templated":true}]}}