{"id":20716,"date":"2023-04-21T16:16:32","date_gmt":"2023-04-21T19:16:32","guid":{"rendered":"https:\/\/chacosintesis.com.ar\/?p=20716"},"modified":"2023-04-21T16:37:21","modified_gmt":"2023-04-21T19:37:21","slug":"la-ruta-provincial-6-que-conecta-el-sudoeste-chaqueno-con-cerca-del-30-por-ciento-de-ejecucion","status":"publish","type":"post","link":"https:\/\/chacosintesis.com.ar\/index.php\/la-ruta-provincial-6-que-conecta-el-sudoeste-chaqueno-con-cerca-del-30-por-ciento-de-ejecucion\/","title":{"rendered":"La ruta provincial 6 que conecta el sudoeste chaque\u00f1o con cerca del 30 por ciento de ejecuci\u00f3n"},"content":{"rendered":"<p>La secci\u00f3n 1 (que conectar\u00e1 con la cantera Las Piedritas y la localidad de Sachayoj en Santiago del Estero) y la secci\u00f3n 2 (que contempla el acceso oeste a la ciudad de Las Bre\u00f1as) son estrat\u00e9gicas para el desarrollo de la zona.<br \/>\nEl administrador de la Direcci\u00f3n de Vialidad Provincial, Hugo Varela, verific\u00f3 en la ma\u00f1ana de este viernes el avance de las obras en la ruta provincial N\u00b0 6. En la oportunidad constat\u00f3 que la misma registra un avance del 28% en la Secci\u00f3n 1, lo que fortalecer\u00e1 una v\u00eda de comunicaci\u00f3n clave para la actividad productiva y el desarrollo de la zona.<br \/>\nEsta obra conectar\u00e1 con la cantera Las Piedritas y la localidad de Sachayoj en Santiago del Estero, generando un corredor interprovincial para intercambio de la producci\u00f3n primaria entre ambas provincias. La Secci\u00f3n 2, contempla el acceso oeste a la ciudad de Las Bre\u00f1as, Capital del Inmigrante.<br \/>\nVarela explic\u00f3 que los trabajos consisten en la construcci\u00f3n de pavimento y adecuaci\u00f3n hidr\u00e1ulica y que la misma se divide en dos secciones y tramos: La Secci\u00f3n 1: Pampa Carnevale \u2013 empalme Ruta Provincial N\u00ba 24, un tramo rural en una longitud de 42,100 kil\u00f3metros. Las caracter\u00edsticas t\u00e9cnicas de la secci\u00f3n comprenden calzada indivisa de 7,30 metros de ancho y 3 metros de banquinas a ambos lados, con cunetas laterales y alcantarillas de dimensiones acordes a los requerimientos de la adecuaci\u00f3n hidr\u00e1ulica.<br \/>\nLa Secci\u00f3n 2, comprende el acceso oeste a Las Bre\u00f1as, empalme avenida Jones \u2013 Empalme Ruta Provincial N\u00ba 6 y consiste en una longitud de 6,220 kil\u00f3metros. Con el fin de relacionar el trazado de la Ruta Provincial N\u00ba6 y la localidad de las Bre\u00f1as, se proyecta este acceso denominado acceso oeste, que comprende un alineamiento recto de 6,220 kil\u00f3metros, desde la Ruta Provincial N\u00ba6 hasta empalmar con la avenida Jones. Las caracter\u00edsticas geom\u00e9tricas son id\u00e9nticas a las proyectadas en la Secci\u00f3n 1.<br \/>\nLa obra es ejecutada mediante una colaboraci\u00f3n mutua entre el organismo vial provincial y la Direcci\u00f3n Nacional de Vialidad, a trav\u00e9s de la empresa Vial Agro S.A, con un presupuesto de $4.942.073.726,22. El proyecto se ejecuta gracias a las gestiones realizadas por el gobernador Jorge Capitanich, ante los organismos nacionales para dar respuesta a los reclamos hist\u00f3ricos de los pobladores del sudoeste chaque\u00f1o.<br \/>\n <<a href=\"http:\/\/www.avg.com\/email-signature?utm_medium=email&#038;utm_source=link&#038;utm_campaign=sig-email&#038;utm_content=webmail\">www.avg.com\/email-signature?utm_medium=email&amp;utm_source=link&amp;utm_campaign=sig-email&amp;utm_content=webmail<\/a>> Libre de virus.www.avg.com <<a href=\"http:\/\/www.avg.com\/email-signature?utm_medium=email&#038;utm_source=link&#038;utm_campaign=sig-email&#038;utm_content=webmail\">www.avg.com\/email-signature?utm_medium=email&amp;utm_source=link&amp;utm_campaign=sig-email&amp;utm_content=webmail<\/a>> <#DAB4FAD8-2DD7-40BB-A1B8-4E2AA1F9FDF2><\/p>\n","protected":false},"excerpt":{"rendered":"<p>La secci\u00f3n 1 (que conectar\u00e1 con la cantera Las Piedritas y la localidad de Sachayoj en Santiago del Estero) y la secci\u00f3n 2 (que contempla el acceso oeste a la ciudad de Las Bre\u00f1as) son estrat\u00e9gicas para el desarrollo de la zona. El administrador de la Direcci\u00f3n de Vialidad Provincial, Hugo Varela, verific\u00f3 en la [&hellip;]<\/p>\n","protected":false},"author":1,"featured_media":20717,"comment_status":"closed","ping_status":"closed","sticky":false,"template":"","format":"standard","meta":{"footnotes":""},"categories":[6],"tags":[],"class_list":{"0":"post-20716","1":"post","2":"type-post","3":"status-publish","4":"format-standard","5":"has-post-thumbnail","7":"category-chaco"},"_links":{"self":[{"href":"https:\/\/chacosintesis.com.ar\/index.php\/wp-json\/wp\/v2\/posts\/20716","targetHints":{"allow":["GET"]}}],"collection":[{"href":"https:\/\/chacosintesis.com.ar\/index.php\/wp-json\/wp\/v2\/posts"}],"about":[{"href":"https:\/\/chacosintesis.com.ar\/index.php\/wp-json\/wp\/v2\/types\/post"}],"author":[{"embeddable":true,"href":"https:\/\/chacosintesis.com.ar\/index.php\/wp-json\/wp\/v2\/users\/1"}],"replies":[{"embeddable":true,"href":"https:\/\/chacosintesis.com.ar\/index.php\/wp-json\/wp\/v2\/comments?post=20716"}],"version-history":[{"count":0,"href":"https:\/\/chacosintesis.com.ar\/index.php\/wp-json\/wp\/v2\/posts\/20716\/revisions"}],"wp:featuredmedia":[{"embeddable":true,"href":"https:\/\/chacosintesis.com.ar\/index.php\/wp-json\/wp\/v2\/media\/20717"}],"wp:attachment":[{"href":"https:\/\/chacosintesis.com.ar\/index.php\/wp-json\/wp\/v2\/media?parent=20716"}],"wp:term":[{"taxonomy":"category","embeddable":true,"href":"https:\/\/chacosintesis.com.ar\/index.php\/wp-json\/wp\/v2\/categories?post=20716"},{"taxonomy":"post_tag","embeddable":true,"href":"https:\/\/chacosintesis.com.ar\/index.php\/wp-json\/wp\/v2\/tags?post=20716"}],"curies":[{"name":"wp","href":"https:\/\/api.w.org\/{rel}","templated":true}]}}