{"id":20714,"date":"2023-04-21T16:09:23","date_gmt":"2023-04-21T19:09:23","guid":{"rendered":"https:\/\/chacosintesis.com.ar\/?p=20714"},"modified":"2023-04-21T16:37:20","modified_gmt":"2023-04-21T19:37:20","slug":"tres-jovenes-que-eran-explotados-laboralmente-fueron-regresados-a-chaco","status":"publish","type":"post","link":"https:\/\/chacosintesis.com.ar\/index.php\/tres-jovenes-que-eran-explotados-laboralmente-fueron-regresados-a-chaco\/","title":{"rendered":"Tres jovenes que eran explotados laboralmente fueron regresados a chaco"},"content":{"rendered":"<p>Hab\u00edan viajado a La Rioja, bajo promesas de un mejor vivir y pasar econ\u00f3mico. Tras ver que no se cumpl\u00eda, se retiraron y pidieron ayuda a las autoridades policiales locales.<br \/>\nEl Departamento Lucha contra la Trata de Personas, intervino junto con Punto Focal a cargo de la Doctorara. Marcela Aquisgrana, quienes hicieron posible el retorno de los j\u00f3venes a su ciudad natal de Machagai.<br \/>\nEl caso Dos j\u00f3venes y un adolescente, el pasado 14 de marzo viajaron a la provincia de La Rioja, con la finalidad de trabajar en una muebler\u00eda, de la que hab\u00edan recibido una propuesta laboral, en la que tendr\u00edan un remuneraci\u00f3n de 80 mil pesos semanales, m\u00e1s un departamento donde vivir.<br \/>\nLos tres llegaron a destino, en la camioneta del due\u00f1o del comercio, quien los llevo al lugar de trabajo, el cual no contaba con las condiciones acordadas como asimismo, al momento de abonar los sueldos depend\u00eda del \u00e1nimo del contratista y hasta ten\u00edan d\u00edas en que no com\u00edan.<br \/>\nCansados de la explotaci\u00f3n laboral a la que eran sometidos, se retiraron de la muebler\u00eda y fueron a la comisar\u00eda m\u00e1s cercana, donde lograron hablar con sus familiares.<br \/>\nEstos pusieron en conocimiento a las autoridades chaque\u00f1as quienes articularon las acciones para ayudarlos a volver, situaci\u00f3n que se complet\u00f3 en la jornada de anoche, siendo estos ciudadanos resguardados y contenidos por los agentes policiales de Trata de Personas, quienes habr\u00edan sido rescatadas e identificadas como presuntas v\u00edctimas del delito de Trata de Personas, en causa investigada en la Provincia de La Rioja, con intervenci\u00f3n de la Fiscal\u00eda Federal de Primera Instancia local.<br \/>\n<<a href=\"http:\/\/www.avg.com\/email-signature?utm_medium=email&#038;utm_source=link&#038;utm_campaign=sig-email&#038;utm_content=webmail\">www.avg.com\/email-signature?utm_medium=email&amp;utm_source=link&amp;utm_campaign=sig-email&amp;utm_content=webmail<\/a>> Libre de virus.www.avg.com <<a href=\"http:\/\/www.avg.com\/email-signature?utm_medium=email&#038;utm_source=link&#038;utm_campaign=sig-email&#038;utm_content=webmail\">www.avg.com\/email-signature?utm_medium=email&amp;utm_source=link&amp;utm_campaign=sig-email&amp;utm_content=webmail<\/a>> <#DAB4FAD8-2DD7-40BB-A1B8-4E2AA1F9FDF2><\/p>\n","protected":false},"excerpt":{"rendered":"<p>Hab\u00edan viajado a La Rioja, bajo promesas de un mejor vivir y pasar econ\u00f3mico. Tras ver que no se cumpl\u00eda, se retiraron y pidieron ayuda a las autoridades policiales locales. El Departamento Lucha contra la Trata de Personas, intervino junto con Punto Focal a cargo de la Doctorara. Marcela Aquisgrana, quienes hicieron posible el retorno [&hellip;]<\/p>\n","protected":false},"author":1,"featured_media":20715,"comment_status":"closed","ping_status":"closed","sticky":false,"template":"","format":"standard","meta":{"footnotes":""},"categories":[6],"tags":[],"class_list":{"0":"post-20714","1":"post","2":"type-post","3":"status-publish","4":"format-standard","5":"has-post-thumbnail","7":"category-chaco"},"_links":{"self":[{"href":"https:\/\/chacosintesis.com.ar\/index.php\/wp-json\/wp\/v2\/posts\/20714","targetHints":{"allow":["GET"]}}],"collection":[{"href":"https:\/\/chacosintesis.com.ar\/index.php\/wp-json\/wp\/v2\/posts"}],"about":[{"href":"https:\/\/chacosintesis.com.ar\/index.php\/wp-json\/wp\/v2\/types\/post"}],"author":[{"embeddable":true,"href":"https:\/\/chacosintesis.com.ar\/index.php\/wp-json\/wp\/v2\/users\/1"}],"replies":[{"embeddable":true,"href":"https:\/\/chacosintesis.com.ar\/index.php\/wp-json\/wp\/v2\/comments?post=20714"}],"version-history":[{"count":0,"href":"https:\/\/chacosintesis.com.ar\/index.php\/wp-json\/wp\/v2\/posts\/20714\/revisions"}],"wp:featuredmedia":[{"embeddable":true,"href":"https:\/\/chacosintesis.com.ar\/index.php\/wp-json\/wp\/v2\/media\/20715"}],"wp:attachment":[{"href":"https:\/\/chacosintesis.com.ar\/index.php\/wp-json\/wp\/v2\/media?parent=20714"}],"wp:term":[{"taxonomy":"category","embeddable":true,"href":"https:\/\/chacosintesis.com.ar\/index.php\/wp-json\/wp\/v2\/categories?post=20714"},{"taxonomy":"post_tag","embeddable":true,"href":"https:\/\/chacosintesis.com.ar\/index.php\/wp-json\/wp\/v2\/tags?post=20714"}],"curies":[{"name":"wp","href":"https:\/\/api.w.org\/{rel}","templated":true}]}}