{"id":20712,"date":"2023-04-21T16:05:49","date_gmt":"2023-04-21T19:05:49","guid":{"rendered":"https:\/\/chacosintesis.com.ar\/?p=20712"},"modified":"2023-04-21T16:06:42","modified_gmt":"2023-04-21T19:06:42","slug":"nivel-inicial-el-2-de-mayo-inicia-el-periodo-de-tachas-de-interinatos-y-suplencias","status":"publish","type":"post","link":"https:\/\/chacosintesis.com.ar\/index.php\/nivel-inicial-el-2-de-mayo-inicia-el-periodo-de-tachas-de-interinatos-y-suplencias\/","title":{"rendered":"Nivel Inicial: el 2 de mayo inicia el per\u00edodo de tachas de interinatos y suplencias"},"content":{"rendered":"<p>Las listas para su conocimiento y notificaci\u00f3n, est\u00e1n a disposici\u00f3n de las y los interesados en la plataforma SIE de Tu Gobierno Digital, secci\u00f3n Juntas.<br \/>\nEl Ministerio de Educaci\u00f3n del Chaco, a trav\u00e9s de la las Juntas de Clasificaci\u00f3n Nivel Inicial, comunica que el martes 2 de mayo de 2023 inicia el Per\u00edodo de Tachas para la inscripci\u00f3n de interinatos y suplencias \u2013per\u00edodo extraordinario B- 2023, Ley 647 E Cap. VI. Art\u00edculo 74 y 94. Las listas para su conocimiento y notificaci\u00f3n, est\u00e1n a disposici\u00f3n de las y los interesados en la plataforma SIE de Tu Gobierno Digital, secci\u00f3n Juntas.<br \/>\nLos y las aspirantes que deban mejorar la documentaci\u00f3n requerida en la descripci\u00f3n, aparecer\u00e1n en las listas resaltados en amarillo y recibir\u00e1n un mail indicando el cambio de estado \u201cPer\u00edodo de tachas\u201d, habilit\u00e1ndose la posibilidad. Asimismo, podr\u00e1n hacerlo por correo postal certificado o presencialmente.<br \/>\nLas y los aspirantes que aparezcan sin valoraci\u00f3n recibir\u00e1n un mail indicando el cambio de estado \u201cPer\u00edodo de tachas\u201d, habilitando la posibilidad de mejorar dicha documentaci\u00f3n por SIE (en las pesta\u00f1as correspondientes). Asimismo, podr\u00e1n hacerlo por correo postal certificado o presencialmente, para comprobar requisitos y condiciones. El incumplimiento implica la no inscripci\u00f3n.<br \/>\nPara reclamos y\/o consultas podr\u00e1n hacerlo telef\u00f3nicamente al n\u00famero de la Junta: 3624 453033 de 8 a 16, o por correo electr\u00f3nico: <a href=\"mailto:meccyt.jcninicial@chaco.gov.ar\" >meccyt.jcninicial@chaco.gov.ar<\/a><br \/>\n <<a href=\"http:\/\/www.avg.com\/email-signature?utm_medium=email&#038;utm_source=link&#038;utm_campaign=sig-email&#038;utm_content=webmail\">www.avg.com\/email-signature?utm_medium=email&amp;utm_source=link&amp;utm_campaign=sig-email&amp;utm_content=webmail<\/a>> Libre de virus.www.avg.com <<a href=\"http:\/\/www.avg.com\/email-signature?utm_medium=email&#038;utm_source=link&#038;utm_campaign=sig-email&#038;utm_content=webmail\">www.avg.com\/email-signature?utm_medium=email&amp;utm_source=link&amp;utm_campaign=sig-email&amp;utm_content=webmail<\/a>> <#DAB4FAD8-2DD7-40BB-A1B8-4E2AA1F9FDF2><\/p>\n","protected":false},"excerpt":{"rendered":"<p>Las listas para su conocimiento y notificaci\u00f3n, est\u00e1n a disposici\u00f3n de las y los interesados en la plataforma SIE de Tu Gobierno Digital, secci\u00f3n Juntas. El Ministerio de Educaci\u00f3n del Chaco, a trav\u00e9s de la las Juntas de Clasificaci\u00f3n Nivel Inicial, comunica que el martes 2 de mayo de 2023 inicia el Per\u00edodo de Tachas [&hellip;]<\/p>\n","protected":false},"author":1,"featured_media":20713,"comment_status":"closed","ping_status":"closed","sticky":false,"template":"","format":"standard","meta":{"footnotes":""},"categories":[6],"tags":[],"class_list":{"0":"post-20712","1":"post","2":"type-post","3":"status-publish","4":"format-standard","5":"has-post-thumbnail","7":"category-chaco"},"_links":{"self":[{"href":"https:\/\/chacosintesis.com.ar\/index.php\/wp-json\/wp\/v2\/posts\/20712","targetHints":{"allow":["GET"]}}],"collection":[{"href":"https:\/\/chacosintesis.com.ar\/index.php\/wp-json\/wp\/v2\/posts"}],"about":[{"href":"https:\/\/chacosintesis.com.ar\/index.php\/wp-json\/wp\/v2\/types\/post"}],"author":[{"embeddable":true,"href":"https:\/\/chacosintesis.com.ar\/index.php\/wp-json\/wp\/v2\/users\/1"}],"replies":[{"embeddable":true,"href":"https:\/\/chacosintesis.com.ar\/index.php\/wp-json\/wp\/v2\/comments?post=20712"}],"version-history":[{"count":0,"href":"https:\/\/chacosintesis.com.ar\/index.php\/wp-json\/wp\/v2\/posts\/20712\/revisions"}],"wp:featuredmedia":[{"embeddable":true,"href":"https:\/\/chacosintesis.com.ar\/index.php\/wp-json\/wp\/v2\/media\/20713"}],"wp:attachment":[{"href":"https:\/\/chacosintesis.com.ar\/index.php\/wp-json\/wp\/v2\/media?parent=20712"}],"wp:term":[{"taxonomy":"category","embeddable":true,"href":"https:\/\/chacosintesis.com.ar\/index.php\/wp-json\/wp\/v2\/categories?post=20712"},{"taxonomy":"post_tag","embeddable":true,"href":"https:\/\/chacosintesis.com.ar\/index.php\/wp-json\/wp\/v2\/tags?post=20712"}],"curies":[{"name":"wp","href":"https:\/\/api.w.org\/{rel}","templated":true}]}}