{"id":20708,"date":"2023-04-21T16:00:29","date_gmt":"2023-04-21T19:00:29","guid":{"rendered":"https:\/\/chacosintesis.com.ar\/?p=20708"},"modified":"2023-04-21T16:06:41","modified_gmt":"2023-04-21T19:06:41","slug":"puente-general-belgrano-decomisan-mas-de-24-toneladas-de-tabaco-en-camion-robado","status":"publish","type":"post","link":"https:\/\/chacosintesis.com.ar\/index.php\/puente-general-belgrano-decomisan-mas-de-24-toneladas-de-tabaco-en-camion-robado\/","title":{"rendered":"Puente General Belgrano: Decomisan m\u00e1s de 24 toneladas de tabaco en cami\u00f3n robado"},"content":{"rendered":"<p>El conductor, quien qued\u00f3 supeditado a la causa, viajaba con itinerario Tucum\u00e1n \u2013 Misiones.<br \/>\nEfectivos de la Patrulla Fija \u201cPuente General Belgrano\u201d dependiente del Escuadr\u00f3n 51 \u201cFontana\u201d inspeccionaron ayer por la tarde un cami\u00f3n con semirremolque Mercedes Benz, que transportaba 24.540 kilos de hojas de tabaco prensado, sobre el kil\u00f3metro 5 de la ruta nacional N\u00b0 16. El conductor viajaba desde la localidad tucumana de San Jos\u00e9 con destino final hacia la localidad misionera de San Ignacio.<br \/>\nAl averiguar en el Sistema de Antecedes de Gendarmer\u00eda (SAG), los funcionarios detectaron que el dominio del tractor no pod\u00eda circular. Asimismo, el personal de Criminal\u00edstica y Estudios Forenses constat\u00f3 que la numeraci\u00f3n del motor y chasis presentaba anomal\u00edas y arroj\u00f3 solicitud por robo con fecha del pasado 16 de marzo.<br \/>\nPor orden de la Fiscal\u00eda Federal N\u00b0 13 de Resistencia, los gendarmes secuestraron el rodado, acoplado y la totalidad de la carga, quedando a disposici\u00f3n de AFIP \u2013 DGI. Mientras que, el involucrado qued\u00f3 supeditado a la causa.<br \/>\n<<a href=\"http:\/\/www.avg.com\/email-signature?utm_medium=email&#038;utm_source=link&#038;utm_campaign=sig-email&#038;utm_content=webmail\">www.avg.com\/email-signature?utm_medium=email&amp;utm_source=link&amp;utm_campaign=sig-email&amp;utm_content=webmail<\/a>> Libre de virus.www.avg.com <<a href=\"http:\/\/www.avg.com\/email-signature?utm_medium=email&#038;utm_source=link&#038;utm_campaign=sig-email&#038;utm_content=webmail\">www.avg.com\/email-signature?utm_medium=email&amp;utm_source=link&amp;utm_campaign=sig-email&amp;utm_content=webmail<\/a>> <#DAB4FAD8-2DD7-40BB-A1B8-4E2AA1F9FDF2><\/p>\n","protected":false},"excerpt":{"rendered":"<p>El conductor, quien qued\u00f3 supeditado a la causa, viajaba con itinerario Tucum\u00e1n \u2013 Misiones. Efectivos de la Patrulla Fija \u201cPuente General Belgrano\u201d dependiente del Escuadr\u00f3n 51 \u201cFontana\u201d inspeccionaron ayer por la tarde un cami\u00f3n con semirremolque Mercedes Benz, que transportaba 24.540 kilos de hojas de tabaco prensado, sobre el kil\u00f3metro 5 de la ruta nacional [&hellip;]<\/p>\n","protected":false},"author":1,"featured_media":20709,"comment_status":"closed","ping_status":"closed","sticky":false,"template":"","format":"standard","meta":{"footnotes":""},"categories":[6],"tags":[],"class_list":{"0":"post-20708","1":"post","2":"type-post","3":"status-publish","4":"format-standard","5":"has-post-thumbnail","7":"category-chaco"},"_links":{"self":[{"href":"https:\/\/chacosintesis.com.ar\/index.php\/wp-json\/wp\/v2\/posts\/20708","targetHints":{"allow":["GET"]}}],"collection":[{"href":"https:\/\/chacosintesis.com.ar\/index.php\/wp-json\/wp\/v2\/posts"}],"about":[{"href":"https:\/\/chacosintesis.com.ar\/index.php\/wp-json\/wp\/v2\/types\/post"}],"author":[{"embeddable":true,"href":"https:\/\/chacosintesis.com.ar\/index.php\/wp-json\/wp\/v2\/users\/1"}],"replies":[{"embeddable":true,"href":"https:\/\/chacosintesis.com.ar\/index.php\/wp-json\/wp\/v2\/comments?post=20708"}],"version-history":[{"count":0,"href":"https:\/\/chacosintesis.com.ar\/index.php\/wp-json\/wp\/v2\/posts\/20708\/revisions"}],"wp:featuredmedia":[{"embeddable":true,"href":"https:\/\/chacosintesis.com.ar\/index.php\/wp-json\/wp\/v2\/media\/20709"}],"wp:attachment":[{"href":"https:\/\/chacosintesis.com.ar\/index.php\/wp-json\/wp\/v2\/media?parent=20708"}],"wp:term":[{"taxonomy":"category","embeddable":true,"href":"https:\/\/chacosintesis.com.ar\/index.php\/wp-json\/wp\/v2\/categories?post=20708"},{"taxonomy":"post_tag","embeddable":true,"href":"https:\/\/chacosintesis.com.ar\/index.php\/wp-json\/wp\/v2\/tags?post=20708"}],"curies":[{"name":"wp","href":"https:\/\/api.w.org\/{rel}","templated":true}]}}