{"id":20698,"date":"2023-04-21T13:17:02","date_gmt":"2023-04-21T16:17:02","guid":{"rendered":"https:\/\/chacosintesis.com.ar\/?p=20698"},"modified":"2023-04-21T13:37:23","modified_gmt":"2023-04-21T16:37:23","slug":"inauguraron-el-edificio-procrear-con-74-nuevas-viviendas-para-familias-de-saenz-pena","status":"publish","type":"post","link":"https:\/\/chacosintesis.com.ar\/index.php\/inauguraron-el-edificio-procrear-con-74-nuevas-viviendas-para-familias-de-saenz-pena\/","title":{"rendered":"Inauguraron el edificio Procrear con 74 nuevas viviendas para familias de S\u00e1enz Pe\u00f1a"},"content":{"rendered":"<p>El gobernador destac\u00f3 que es \u201cel edificio m\u00e1s importante\u201d de la localidad. En esta jornada se entregaron 21 departamentos y quedan 47 m\u00e1s.<\/p>\n<p>Este viernes, el gobernador Jorge Capitanich, acompa\u00f1ado por el ministro de Desarrollo Territorial y H\u00e1bitat de la Naci\u00f3n, Santiago Maggiotti, y el presidente del Instituto Provincial de Viviendas del Chaco, Diego Ar\u00e9valo, inauguraron el edificio Procrear en la localidad de Presidencia Roque S\u00e1enz Pe\u00f1a, el cual cuenta con 74 nuevos departamentos, de los cuales 21 ya fueron entregados a distintas familias. Esta obra se concluy\u00f3 con una inversi\u00f3n de $1.266.000.000.<br \/>\n\u201cEstamos inaugurando el edificio multifamiliar m\u00e1s importante de S\u00e1enz Pe\u00f1a\u201d, manifest\u00f3 el gobernador, quien asegur\u00f3 que se siente \u201cmucha alegr\u00eda\u201d y destac\u00f3 que esta obra \u201ces emblema de la dignidad humana\u201d. \u201cEs el primer edificio en la Rep\u00fablica Argentina que pudimos empezar y terminar, y hoy tenemos adjudicatarios que pueden vivir ah\u00ed\u201d, subray\u00f3.<br \/>\nLa obra se trata de dos torres con 74 departamentos con 2 o 3 dormitorios seg\u00fan el caso, con ba\u00f1o instalado, cocina amoblada, termotanque, aire acondicionado en todos los ambientes, comedor y balc\u00f3n.<br \/>\n \u201cEste edificio nos debe enorgullecer a todos por cumplir este sue\u00f1o para muchas familias\u201d, indic\u00f3 Capitanich, y precis\u00f3 que 21 de los departamentos ya empezar\u00e1n a ser habitados, mientras que 47 se encuentran en proceso de regularizaci\u00f3n y progresivamente se ir\u00e1n cumpliendo todos los requisitos formales para la instalaci\u00f3n total. \u201cEsto implica progreso y desarrollo para la localidad, se enmarca en un plan de infraestructura con el cual seguiremos construyendo porque Sa\u00e9nz Pe\u00f1a merece m\u00e1s y va a tener todos los recursos para su crecimiento\u201d, agreg\u00f3.<br \/>\nFinalmente, el gobernador se\u00f1al\u00f3 que \u201ctenemos un enorme desaf\u00edo, un enorme futuro, y tenemos que trabajar con esperanza, continuar un camino, de la \u00fanica manera que se sale adelante es trabajando, con dedicaci\u00f3n, con esfuerzo, con democracia y con mucha convicci\u00f3n para seguir haciendo cosas en beneficio de la gente y el bien com\u00fan\u201d.<\/p>\n<p>\u201cEsto tiene que ver con el nivel de gesti\u00f3n del gobernador\u201d<br \/>\nPor su parte, el ministro de Desarrollo Territorial y H\u00e1bitat de la Naci\u00f3n destac\u00f3 que \u201ces un honor estar ac\u00e1\u201d, y asegur\u00f3 que la finalizaci\u00f3n de esta obra \u201ctiene que ver con el nivel de gesti\u00f3n de gobernador, que no tiene d\u00eda ni horario para trabajar en hacer m\u00e1s grande a Chaco\u201d.<br \/>\n\u201cEste gobernador lleva a chaco en su coraz\u00f3n, lo quiere hacer m\u00e1s grande\u201d, resalt\u00f3, y precis\u00f3 que \u201ctenemos m\u00e1s de 6.700 viviendas en construcci\u00f3n y tenemos m\u00e1s de 3.700 entregadas, son familias chaque\u00f1as que lograron el sue\u00f1o de la casa propia. Adem\u00e1s, el Banco del Chaco fue el primero que hizo un convenio para que se puedan inscribir para construir su casa en un lote propio con un cr\u00e9dito a tasa 0 ajustable por salario\u201d.<\/p>\n<p>M\u00e1s inversiones para la termal<br \/>\nAcompa\u00f1ando al gobernador, el intendente de Presidencia Roque S\u00e1enz Pe\u00f1a, Bruno Cipollini, destac\u00f3 que actualmente \u201chay muchas inversiones en la localidad\u201d, y refiri\u00f3 a las obras que se realizan en marco de la refuncionalizaci\u00f3n del aeropuerto, las mejoras en el Centro de Educaci\u00f3n F\u00edsica y las cuadras de pavimento, adem\u00e1s, se\u00f1al\u00f3 que se trabaja en la diagramaci\u00f3n del Hospital Materno Infantil. \u201cEs un momento para acelerar y tratar de profundizar en el tiempo\u201d, sostuvo.<\/p>\n","protected":false},"excerpt":{"rendered":"<p>El gobernador destac\u00f3 que es \u201cel edificio m\u00e1s importante\u201d de la localidad. En esta jornada se entregaron 21 departamentos y quedan 47 m\u00e1s. Este viernes, el gobernador Jorge Capitanich, acompa\u00f1ado por el ministro de Desarrollo Territorial y H\u00e1bitat de la Naci\u00f3n, Santiago Maggiotti, y el presidente del Instituto Provincial de Viviendas del Chaco, Diego Ar\u00e9valo, [&hellip;]<\/p>\n","protected":false},"author":1,"featured_media":20699,"comment_status":"closed","ping_status":"closed","sticky":false,"template":"","format":"standard","meta":{"footnotes":""},"categories":[6],"tags":[],"class_list":{"0":"post-20698","1":"post","2":"type-post","3":"status-publish","4":"format-standard","5":"has-post-thumbnail","7":"category-chaco"},"_links":{"self":[{"href":"https:\/\/chacosintesis.com.ar\/index.php\/wp-json\/wp\/v2\/posts\/20698","targetHints":{"allow":["GET"]}}],"collection":[{"href":"https:\/\/chacosintesis.com.ar\/index.php\/wp-json\/wp\/v2\/posts"}],"about":[{"href":"https:\/\/chacosintesis.com.ar\/index.php\/wp-json\/wp\/v2\/types\/post"}],"author":[{"embeddable":true,"href":"https:\/\/chacosintesis.com.ar\/index.php\/wp-json\/wp\/v2\/users\/1"}],"replies":[{"embeddable":true,"href":"https:\/\/chacosintesis.com.ar\/index.php\/wp-json\/wp\/v2\/comments?post=20698"}],"version-history":[{"count":0,"href":"https:\/\/chacosintesis.com.ar\/index.php\/wp-json\/wp\/v2\/posts\/20698\/revisions"}],"wp:featuredmedia":[{"embeddable":true,"href":"https:\/\/chacosintesis.com.ar\/index.php\/wp-json\/wp\/v2\/media\/20699"}],"wp:attachment":[{"href":"https:\/\/chacosintesis.com.ar\/index.php\/wp-json\/wp\/v2\/media?parent=20698"}],"wp:term":[{"taxonomy":"category","embeddable":true,"href":"https:\/\/chacosintesis.com.ar\/index.php\/wp-json\/wp\/v2\/categories?post=20698"},{"taxonomy":"post_tag","embeddable":true,"href":"https:\/\/chacosintesis.com.ar\/index.php\/wp-json\/wp\/v2\/tags?post=20698"}],"curies":[{"name":"wp","href":"https:\/\/api.w.org\/{rel}","templated":true}]}}