{"id":20687,"date":"2023-04-20T23:14:02","date_gmt":"2023-04-21T02:14:02","guid":{"rendered":"https:\/\/chacosintesis.com.ar\/?p=20687"},"modified":"2023-04-20T23:36:41","modified_gmt":"2023-04-21T02:36:41","slug":"intendentes-manifestaron-su-apoyo-a-polini-es-el-indicado-para-liderar-el-cambio","status":"publish","type":"post","link":"https:\/\/chacosintesis.com.ar\/index.php\/intendentes-manifestaron-su-apoyo-a-polini-es-el-indicado-para-liderar-el-cambio\/","title":{"rendered":"Intendentes manifestaron su apoyo a Polini: &#8220;Es el indicado para liderar el cambio&#8221;"},"content":{"rendered":"<p>Convocada por el farmac\u00e9utico, productor agropecuario y precandidato a gobernador del Chaco, Juan Carlos Polini, se realiz\u00f3 en Resistencia una reuni\u00f3n de trabajo que cont\u00f3 con la participaci\u00f3n del ex gobernador Angel Rozas, el senador nacional V\u00edctor Zimmermann, el presidente del interbloque de diputados provinciales Carim Peche y los intendentes Bruno Cipolini de Presidencia Roque S\u00e1enz Pe\u00f1a, Vicente Gonz\u00e1lez de Misi\u00f3n Nueva Pompeya, Gladys Piccilli de Pampa Almir\u00f3n, Juan de la Cruz Riquelme de Laguna Limpia, Jorge Frank de Miraflores, Glenda Seifert de Pampa del Infierno, Omar Machuca de Las Bre\u00f1as, Ariel Lovey de Quitilipi,  Alcides P\u00e9rez de El Sauzalito, Ra\u00fal Maldonado de Concepci\u00f3n del Bermejo, Oscar Dalmasso de Coronel Du Graty, V\u00edctor Armella de Las Palmas, Humberto Rodr\u00edguez de Cote Lai y Andrea Zinckzuk secretaria de Gobierno de la Municipalidad de Tres isletas en representaci\u00f3n del intendente Ladislao Perduk.<br \/>\nEn el encuentro los jefes comunales ratificaron su acompa\u00f1amiento a la precandidatura de Juan Carlos Polini a la gobernaci\u00f3n del Chaco y remarcaron la necesidad de transformar la realidad de la provincia \u201cEstamos convencidos de que Juan Carlos es el indicado para liderar el cambio, porque es una persona distinta, no proviene del mundo de la pol\u00edtica sino del sector privado, ha crecido en base a orden y trabajo, sabe lo que es administrar recursos estableciendo prioridades, conoce la responsabilidad que representa pagar sueldos, impuestos, realizar inversiones, que decidi\u00f3 involucrarse en pol\u00edtica para que los chaque\u00f1os podamos vivir mejor\u201d<br \/>\nEn tanto Polini agradeci\u00f3 el apoyo de los intendentes \u201cSon el term\u00f3metro de la sociedad, conocen de primera mano las necesidades de los chaque\u00f1os, son muy importantes en esta etapa de mi candidatura porque sus agendas arman mi agenda,  porque escuchar a los intendentes es escuchar  a la gente, es saber el camino a tomar para resolver los problemas, ser\u00e1n un pilar important\u00edsimo de mi gesti\u00f3n cuando asuma la gobernaci\u00f3n el 10 de diciembre\u201d<\/p>\n","protected":false},"excerpt":{"rendered":"<p>Convocada por el farmac\u00e9utico, productor agropecuario y precandidato a gobernador del Chaco, Juan Carlos Polini, se realiz\u00f3 en Resistencia una reuni\u00f3n de trabajo que cont\u00f3 con la participaci\u00f3n del ex gobernador Angel Rozas, el senador nacional V\u00edctor Zimmermann, el presidente del interbloque de diputados provinciales Carim Peche y los intendentes Bruno Cipolini de Presidencia Roque [&hellip;]<\/p>\n","protected":false},"author":1,"featured_media":20688,"comment_status":"closed","ping_status":"closed","sticky":false,"template":"","format":"standard","meta":{"footnotes":""},"categories":[6],"tags":[],"class_list":{"0":"post-20687","1":"post","2":"type-post","3":"status-publish","4":"format-standard","5":"has-post-thumbnail","7":"category-chaco"},"_links":{"self":[{"href":"https:\/\/chacosintesis.com.ar\/index.php\/wp-json\/wp\/v2\/posts\/20687","targetHints":{"allow":["GET"]}}],"collection":[{"href":"https:\/\/chacosintesis.com.ar\/index.php\/wp-json\/wp\/v2\/posts"}],"about":[{"href":"https:\/\/chacosintesis.com.ar\/index.php\/wp-json\/wp\/v2\/types\/post"}],"author":[{"embeddable":true,"href":"https:\/\/chacosintesis.com.ar\/index.php\/wp-json\/wp\/v2\/users\/1"}],"replies":[{"embeddable":true,"href":"https:\/\/chacosintesis.com.ar\/index.php\/wp-json\/wp\/v2\/comments?post=20687"}],"version-history":[{"count":0,"href":"https:\/\/chacosintesis.com.ar\/index.php\/wp-json\/wp\/v2\/posts\/20687\/revisions"}],"wp:featuredmedia":[{"embeddable":true,"href":"https:\/\/chacosintesis.com.ar\/index.php\/wp-json\/wp\/v2\/media\/20688"}],"wp:attachment":[{"href":"https:\/\/chacosintesis.com.ar\/index.php\/wp-json\/wp\/v2\/media?parent=20687"}],"wp:term":[{"taxonomy":"category","embeddable":true,"href":"https:\/\/chacosintesis.com.ar\/index.php\/wp-json\/wp\/v2\/categories?post=20687"},{"taxonomy":"post_tag","embeddable":true,"href":"https:\/\/chacosintesis.com.ar\/index.php\/wp-json\/wp\/v2\/tags?post=20687"}],"curies":[{"name":"wp","href":"https:\/\/api.w.org\/{rel}","templated":true}]}}