{"id":20679,"date":"2023-04-20T16:47:34","date_gmt":"2023-04-20T19:47:34","guid":{"rendered":"https:\/\/chacosintesis.com.ar\/?p=20679"},"modified":"2023-04-20T17:06:39","modified_gmt":"2023-04-20T20:06:39","slug":"capitanich-recibio-al-embajador-de-estados-unidos-e-inauguro-el-centro-de-operaciones-de-emergencia-de-defensa-civil","status":"publish","type":"post","link":"https:\/\/chacosintesis.com.ar\/index.php\/capitanich-recibio-al-embajador-de-estados-unidos-e-inauguro-el-centro-de-operaciones-de-emergencia-de-defensa-civil\/","title":{"rendered":"Capitanich recibi\u00f3 al embajador de Estados Unidos e inaugur\u00f3 el Centro de Operaciones de Emergencia de Defensa Civil"},"content":{"rendered":"<p>Este jueves, el gobernador del Chaco, Jorge Capitanich, recibi\u00f3 al embajador de Estados Unidos, Marc Stanley para desarrollar una agenda bilateral &#8220;renovando el compromiso de promover el desarrollo productivo y valores comunes en defensa de la democracia, de la libertad y de los derechos humanos&#8221;, indic\u00f3 el mandatario en sus redes sociales. Capitanich relat\u00f3 que mantuvo una agenda bilateral con empresarios y con las universidades &#8220;para establecer una misi\u00f3n en com\u00fan, para incrementar el intercambio comercial, fortalecer v\u00ednculos y lazos culturales con el Chaco y la regi\u00f3n.&#8221; Adem\u00e1s, con la presencia del funcionario estadeounidense, Capitanich inaugur\u00f3 el Centro de Operaciones de Emergencia de Defensa Civil &#8220;que ha sido parte de una cooperaci\u00f3n internacional desde el a\u00f1o 2012&#8221;, indic\u00f3 y a\u00f1adi\u00f3 que Chaco recibi\u00f3 equipamiento que permitir\u00e1 mejorar el desarrollo en materia de comunicaciones. El Centro de Operaciones es un espacio estrat\u00e9gico que ampl\u00eda la capacidad instalada. El gobernador agradeci\u00f3 la presencia de Stanley ya que &#8220;significa un gran gesto para seguir fortaleciendo las relaciones diplom\u00e1ticas entre Estados Unidos y Argentina.&#8221;<br \/>\n <<a href=\"http:\/\/www.avg.com\/email-signature?utm_medium=email&#038;utm_source=link&#038;utm_campaign=sig-email&#038;utm_content=webmail\">www.avg.com\/email-signature?utm_medium=email&amp;utm_source=link&amp;utm_campaign=sig-email&amp;utm_content=webmail<\/a>> Libre de virus.www.avg.com <<a href=\"http:\/\/www.avg.com\/email-signature?utm_medium=email&#038;utm_source=link&#038;utm_campaign=sig-email&#038;utm_content=webmail\">www.avg.com\/email-signature?utm_medium=email&amp;utm_source=link&amp;utm_campaign=sig-email&amp;utm_content=webmail<\/a>> <#DAB4FAD8-2DD7-40BB-A1B8-4E2AA1F9FDF2><\/p>\n","protected":false},"excerpt":{"rendered":"<p>Este jueves, el gobernador del Chaco, Jorge Capitanich, recibi\u00f3 al embajador de Estados Unidos, Marc Stanley para desarrollar una agenda bilateral &#8220;renovando el compromiso de promover el desarrollo productivo y valores comunes en defensa de la democracia, de la libertad y de los derechos humanos&#8221;, indic\u00f3 el mandatario en sus redes sociales. Capitanich relat\u00f3 que [&hellip;]<\/p>\n","protected":false},"author":1,"featured_media":20680,"comment_status":"closed","ping_status":"closed","sticky":false,"template":"","format":"standard","meta":{"footnotes":""},"categories":[6],"tags":[],"class_list":{"0":"post-20679","1":"post","2":"type-post","3":"status-publish","4":"format-standard","5":"has-post-thumbnail","7":"category-chaco"},"_links":{"self":[{"href":"https:\/\/chacosintesis.com.ar\/index.php\/wp-json\/wp\/v2\/posts\/20679","targetHints":{"allow":["GET"]}}],"collection":[{"href":"https:\/\/chacosintesis.com.ar\/index.php\/wp-json\/wp\/v2\/posts"}],"about":[{"href":"https:\/\/chacosintesis.com.ar\/index.php\/wp-json\/wp\/v2\/types\/post"}],"author":[{"embeddable":true,"href":"https:\/\/chacosintesis.com.ar\/index.php\/wp-json\/wp\/v2\/users\/1"}],"replies":[{"embeddable":true,"href":"https:\/\/chacosintesis.com.ar\/index.php\/wp-json\/wp\/v2\/comments?post=20679"}],"version-history":[{"count":0,"href":"https:\/\/chacosintesis.com.ar\/index.php\/wp-json\/wp\/v2\/posts\/20679\/revisions"}],"wp:featuredmedia":[{"embeddable":true,"href":"https:\/\/chacosintesis.com.ar\/index.php\/wp-json\/wp\/v2\/media\/20680"}],"wp:attachment":[{"href":"https:\/\/chacosintesis.com.ar\/index.php\/wp-json\/wp\/v2\/media?parent=20679"}],"wp:term":[{"taxonomy":"category","embeddable":true,"href":"https:\/\/chacosintesis.com.ar\/index.php\/wp-json\/wp\/v2\/categories?post=20679"},{"taxonomy":"post_tag","embeddable":true,"href":"https:\/\/chacosintesis.com.ar\/index.php\/wp-json\/wp\/v2\/tags?post=20679"}],"curies":[{"name":"wp","href":"https:\/\/api.w.org\/{rel}","templated":true}]}}