{"id":20671,"date":"2023-04-20T16:18:12","date_gmt":"2023-04-20T19:18:12","guid":{"rendered":"https:\/\/chacosintesis.com.ar\/?p=20671"},"modified":"2023-04-20T16:36:46","modified_gmt":"2023-04-20T19:36:46","slug":"como-nos-cuidamos-de-los-virus-respiratorios","status":"publish","type":"post","link":"https:\/\/chacosintesis.com.ar\/index.php\/como-nos-cuidamos-de-los-virus-respiratorios\/","title":{"rendered":"\u00bfC\u00f3mo nos cuidamos de los virus respiratorios?"},"content":{"rendered":"<p>La m\u00e9dica y directora del Hospital Pedi\u00e1trico de Resistencia, Alicia Michelini, inform\u00f3 acerca del aumento de consultas por patolog\u00edas respiratorias en el pa\u00eds y recomend\u00f3 seguir las medidas de cuidado generales para prevenir los virus estacionales.<br \/>\nLa neumon\u00f3loga pedi\u00e1trica y directora del Hospital Pedi\u00e1trico de Resistencia, Alicia Michelini, dialog\u00f3 con Chaco TV acerca del incremento de las enfermedades estacionales y recomend\u00f3 seguir las medidas de cuidado generales para prevenir los virus respiratorios. \u201cEn todo el pa\u00eds hubo, en estos \u00faltimos 15 o 20 d\u00edas que llevamos de abril, un aumento aproximadamente del 10% de consultas por patolog\u00edas respiratorias ya sea resfr\u00edo, faringitis, bronquitis, episodios de broncoespasmo, crisis asm\u00e1tica, laringitis y algunos casos de neumon\u00eda\u201d, expres\u00f3 la doctora Michelini.<br \/>\nAnte la llegada de las bajas temperaturas, la neumon\u00f3loga explic\u00f3 que \u201cpor ahora est\u00e1 habiendo virus respiratorios comunes\u201d, haciendo referencia a los virus que pueden producir bronquiolitis o resfr\u00edos. Asimismo, asegur\u00f3 que \u201cen las zonas del centro de Argentina, Buenos Aires y C\u00f3rdoba, ya hubo algunos casos de gripe\u201d y remarc\u00f3 que \u201cpor ahora\u201d en el hospital no hay casos de esa \u00edndole.<br \/>\n\u201cLa forma de cuidarse, primero y principal, en el caso de los peque\u00f1os, sobre todo de bronquiolitis, es en lo posible mantener la lactancia materna\u201d, explic\u00f3 Michelini. La doctora hizo hincapi\u00e9 en la importancia de la lactancia materna en los primeros seis meses visa\u201d debido a que \u201caportan alimento y defensas ante las enfermedades respiratorias\u201d. Adem\u00e1s, la directora del hospital pedi\u00e1trico remarc\u00f3 la importancia de mantener la vacunaci\u00f3n al d\u00eda y recomend\u00f3 completar el carnet.<br \/>\n\u201cOtro tema de tener cuidado es el cambio brusco de temperatura cosa que es dif\u00edcil ahora porque a la ma\u00f1ana hace mucho fr\u00edo y al mediod\u00eda hace calor\u201d, coment\u00f3 Michelini. Ante esto, la m\u00e9dica recomend\u00f3 no solo tener cuidado con los ni\u00f1os y ni\u00f1as sino tambi\u00e9n sumar los cuidados preventivos a adolescentes y personas adultas. \u201cMuchas veces nos enfermamos los adultos y ah\u00ed empieza toda la cadena de contagio en la casa\u201d, explic\u00f3.<br \/>\nPara los ni\u00f1os, ni\u00f1as y adolescentes la recomendaci\u00f3n general de la instituci\u00f3n sanitaria es el lavado de manos, tanto con agua como tambi\u00e9n eventualmente la limpieza con alcohol. Asimismo, la pediatra remarc\u00f3 la importancia del \u201cuso del pliegue del codo para toser o estornudar\u201d y recomend\u00f3 el uso de pa\u00f1uelos descartables, al mismo tiempo que agreg\u00f3 la importancia de \u201ctirarlos\u201d y posteriormente \u201climpiarse las manos\u201d.<br \/>\n\u201cTodav\u00eda estamos en \u00e9poca de pandemia, o sea que el tema del barbijo en lugares sanitarios sigue utiliz\u00e1ndose\u201d, coment\u00f3 Michelini. En ese sentido, las recomendaciones de la m\u00e9dica para aquellos ni\u00f1os o ni\u00f1as que est\u00e9n enfermas y deben asistir obligatoriamente a un lugar cerrado, es la usar el barbijo \u201cya no como una forma obligatoria, pero si para evitar el contagio\u201d.<br \/>\n\u201cEl contagio de todos estos virus respiratorios es justamente al hablar o al toser, las gotitas de Fl\u00fcgge\u201d, explic\u00f3 Michelini. Las microgotas o gotas de Fl\u00fcgge son peque\u00f1as gotas de secreciones (principalmente saliva y moco) que se expulsan de forma inadvertida por la boca y la nariz al hablar (incluso en voz baja), estornudar, toser o espirar. \u201cSon peque\u00f1as microscopias que van y se depositan en la cara de la otra persona, en la ropa o en superficies, entonces si uno se est\u00e1 tocando la cara, al tocar otra cosa lo transmite, y muchas veces esos virus quedan por horas y algunos incluso por d\u00edas en la superficie\u201d, agreg\u00f3.<br \/>\nPor \u00faltimo, la neumon\u00f3loga explic\u00f3 que son motivos de consulta al m\u00e9dico la fiebre alta con temperaturas superiores a los 38\u00ba o 39\u00ba grados, el decaimiento luego de la fiebre y los v\u00f3mitos frecuentes. Asimismo, recomend\u00f3 \u201cno automedicar\u201d en los menores a uno o dos a\u00f1os porque \u201cah\u00ed es cuando pueden estar cubriendo alguna otra patolog\u00eda\u201d. \u201cA veces tose porque est\u00e1 con un cuadro de broncoespasmo o neumon\u00eda y uno le da un antitusivo y les est\u00e1 quitando la forma que tiene el organismo de decir que algo le est\u00e1 pasando\u201d, agrego Michelini.<\/p>\n<p>La importancia de la vacunaci\u00f3n<br \/>\nLa neumon\u00f3loga pediatra, Alicia Michelini, recomend\u00f3 a aquellas personas que tengan en su familia a ni\u00f1as o ni\u00f1os de seis meses a dos a\u00f1os a concurrir al centro de salud m\u00e1s cercano para colocarse la vacuna antigripal y as\u00ed reducir las complicaciones de esa \u00edndole. Asimismo, asegur\u00f3 que la vacuna contra la gripe est\u00e1 dentro del carnet de vacunaci\u00f3n.<br \/>\nPor otra parte, para aquellas personas mayores a los dos a\u00f1os y hasta los 64 a\u00f1os inclusive, que tengan alguna enfermedad de base, la doctora recomend\u00f3 tambi\u00e9n asistir a un organismo sanitario para que se apliquen la vacuna antigripal. No obstante, a\u00f1adi\u00f3 que la misma debe ir con una orden o indicaci\u00f3n de su m\u00e9dico de cabecera.<br \/>\n<<a href=\"http:\/\/www.avg.com\/email-signature?utm_medium=email&#038;utm_source=link&#038;utm_campaign=sig-email&#038;utm_content=webmail\">www.avg.com\/email-signature?utm_medium=email&amp;utm_source=link&amp;utm_campaign=sig-email&amp;utm_content=webmail<\/a>> Libre de virus.www.avg.com <<a href=\"http:\/\/www.avg.com\/email-signature?utm_medium=email&#038;utm_source=link&#038;utm_campaign=sig-email&#038;utm_content=webmail\">www.avg.com\/email-signature?utm_medium=email&amp;utm_source=link&amp;utm_campaign=sig-email&amp;utm_content=webmail<\/a>> <#DAB4FAD8-2DD7-40BB-A1B8-4E2AA1F9FDF2><\/p>\n","protected":false},"excerpt":{"rendered":"<p>La m\u00e9dica y directora del Hospital Pedi\u00e1trico de Resistencia, Alicia Michelini, inform\u00f3 acerca del aumento de consultas por patolog\u00edas respiratorias en el pa\u00eds y recomend\u00f3 seguir las medidas de cuidado generales para prevenir los virus estacionales. La neumon\u00f3loga pedi\u00e1trica y directora del Hospital Pedi\u00e1trico de Resistencia, Alicia Michelini, dialog\u00f3 con Chaco TV acerca del incremento [&hellip;]<\/p>\n","protected":false},"author":1,"featured_media":20672,"comment_status":"closed","ping_status":"closed","sticky":false,"template":"","format":"standard","meta":{"footnotes":""},"categories":[6],"tags":[],"class_list":{"0":"post-20671","1":"post","2":"type-post","3":"status-publish","4":"format-standard","5":"has-post-thumbnail","7":"category-chaco"},"_links":{"self":[{"href":"https:\/\/chacosintesis.com.ar\/index.php\/wp-json\/wp\/v2\/posts\/20671","targetHints":{"allow":["GET"]}}],"collection":[{"href":"https:\/\/chacosintesis.com.ar\/index.php\/wp-json\/wp\/v2\/posts"}],"about":[{"href":"https:\/\/chacosintesis.com.ar\/index.php\/wp-json\/wp\/v2\/types\/post"}],"author":[{"embeddable":true,"href":"https:\/\/chacosintesis.com.ar\/index.php\/wp-json\/wp\/v2\/users\/1"}],"replies":[{"embeddable":true,"href":"https:\/\/chacosintesis.com.ar\/index.php\/wp-json\/wp\/v2\/comments?post=20671"}],"version-history":[{"count":0,"href":"https:\/\/chacosintesis.com.ar\/index.php\/wp-json\/wp\/v2\/posts\/20671\/revisions"}],"wp:featuredmedia":[{"embeddable":true,"href":"https:\/\/chacosintesis.com.ar\/index.php\/wp-json\/wp\/v2\/media\/20672"}],"wp:attachment":[{"href":"https:\/\/chacosintesis.com.ar\/index.php\/wp-json\/wp\/v2\/media?parent=20671"}],"wp:term":[{"taxonomy":"category","embeddable":true,"href":"https:\/\/chacosintesis.com.ar\/index.php\/wp-json\/wp\/v2\/categories?post=20671"},{"taxonomy":"post_tag","embeddable":true,"href":"https:\/\/chacosintesis.com.ar\/index.php\/wp-json\/wp\/v2\/tags?post=20671"}],"curies":[{"name":"wp","href":"https:\/\/api.w.org\/{rel}","templated":true}]}}