{"id":20665,"date":"2023-04-20T16:01:17","date_gmt":"2023-04-20T19:01:17","guid":{"rendered":"https:\/\/chacosintesis.com.ar\/?p=20665"},"modified":"2023-04-20T16:06:41","modified_gmt":"2023-04-20T19:06:41","slug":"la-defensoria-del-pueblo-del-chaco-plantea-una-mesa-intersectorial-por-los-aumentos-del-combustible","status":"publish","type":"post","link":"https:\/\/chacosintesis.com.ar\/index.php\/la-defensoria-del-pueblo-del-chaco-plantea-una-mesa-intersectorial-por-los-aumentos-del-combustible\/","title":{"rendered":"La Defensor\u00eda del Pueblo del Chaco plantea una \u201cmesa intersectorial\u201d por los aumentos del combustible"},"content":{"rendered":"<p>El defensor del pueblo de la provincia, Bernardo Voloj, habl\u00f3 esta ma\u00f1ana en Chaco TV respecto de la idea de generar una mesa intersectorial con distintas autoridades vinculadas a la energ\u00eda e YPF para controlar los incrementos en los aumentos del combustible, los cuales mantienen un ritmo superior a lo estipulado desde Naci\u00f3n a comienzos del a\u00f1o.<br \/>\n\u201cHemos pedido a las distintas autoridades poder articular la mesa, calculo que lo haremos a partir de mayo, cuando haya buena predisposici\u00f3n tambi\u00e9n de ellos\u201d, coment\u00f3 Voloj, quien adelant\u00f3 que \u201cestamos empezando a hablar con sectores empresarios y autoridades provinciales entendiendo que tiene que haber una respuesta que debe darse a nivel nacional, porque ac\u00e1 lo que llega es un precio ya establecido, que si no se controla genera mayor especulaci\u00f3n en localidades del norte de la provincia, entonces es buscar alternativas\u201d.<br \/>\nEn argumentos, el funcionario indic\u00f3 que si bien los aumentos estipulados a partir de enero eran del 4%, en la provincia eso se vio reflejado con un promedio del 6%, por lo cual, reiter\u00f3 que \u201ces el momento de plantear una discusi\u00f3n de fondo que, m\u00e1s all\u00e1 de los paliativos que se vienen dando, debemos ver qu\u00e9 criterios vamos a tener para las naftas, para que ac\u00e1 no se termine pagando un precio mayor que en otras jurisdicciones\u201d.<br \/>\nFundamentalmente, Voloj sostuvo que se busca, en principio, trabajar para \u201cque informen a qu\u00e9 se deben los aumentos\u201d y, en segundo lugar, \u201cqu\u00e9 otras alternativas se pueden dar para romper este esquema tan centralista de que en nuestras provincias tengamos que pagar combustibles m\u00e1s caro que en el AMBA, en Santa Fe o sectores de la patagonia\u201d.<\/p>\n<p><<a href=\"http:\/\/www.avg.com\/email-signature?utm_medium=email&#038;utm_source=link&#038;utm_campaign=sig-email&#038;utm_content=webmail\">www.avg.com\/email-signature?utm_medium=email&amp;utm_source=link&amp;utm_campaign=sig-email&amp;utm_content=webmail<\/a>> Libre de virus.www.avg.com <<a href=\"http:\/\/www.avg.com\/email-signature?utm_medium=email&#038;utm_source=link&#038;utm_campaign=sig-email&#038;utm_content=webmail\">www.avg.com\/email-signature?utm_medium=email&amp;utm_source=link&amp;utm_campaign=sig-email&amp;utm_content=webmail<\/a>> <#DAB4FAD8-2DD7-40BB-A1B8-4E2AA1F9FDF2><\/p>\n","protected":false},"excerpt":{"rendered":"<p>El defensor del pueblo de la provincia, Bernardo Voloj, habl\u00f3 esta ma\u00f1ana en Chaco TV respecto de la idea de generar una mesa intersectorial con distintas autoridades vinculadas a la energ\u00eda e YPF para controlar los incrementos en los aumentos del combustible, los cuales mantienen un ritmo superior a lo estipulado desde Naci\u00f3n a comienzos [&hellip;]<\/p>\n","protected":false},"author":1,"featured_media":20666,"comment_status":"closed","ping_status":"closed","sticky":false,"template":"","format":"standard","meta":{"footnotes":""},"categories":[6],"tags":[],"class_list":{"0":"post-20665","1":"post","2":"type-post","3":"status-publish","4":"format-standard","5":"has-post-thumbnail","7":"category-chaco"},"_links":{"self":[{"href":"https:\/\/chacosintesis.com.ar\/index.php\/wp-json\/wp\/v2\/posts\/20665","targetHints":{"allow":["GET"]}}],"collection":[{"href":"https:\/\/chacosintesis.com.ar\/index.php\/wp-json\/wp\/v2\/posts"}],"about":[{"href":"https:\/\/chacosintesis.com.ar\/index.php\/wp-json\/wp\/v2\/types\/post"}],"author":[{"embeddable":true,"href":"https:\/\/chacosintesis.com.ar\/index.php\/wp-json\/wp\/v2\/users\/1"}],"replies":[{"embeddable":true,"href":"https:\/\/chacosintesis.com.ar\/index.php\/wp-json\/wp\/v2\/comments?post=20665"}],"version-history":[{"count":0,"href":"https:\/\/chacosintesis.com.ar\/index.php\/wp-json\/wp\/v2\/posts\/20665\/revisions"}],"wp:featuredmedia":[{"embeddable":true,"href":"https:\/\/chacosintesis.com.ar\/index.php\/wp-json\/wp\/v2\/media\/20666"}],"wp:attachment":[{"href":"https:\/\/chacosintesis.com.ar\/index.php\/wp-json\/wp\/v2\/media?parent=20665"}],"wp:term":[{"taxonomy":"category","embeddable":true,"href":"https:\/\/chacosintesis.com.ar\/index.php\/wp-json\/wp\/v2\/categories?post=20665"},{"taxonomy":"post_tag","embeddable":true,"href":"https:\/\/chacosintesis.com.ar\/index.php\/wp-json\/wp\/v2\/tags?post=20665"}],"curies":[{"name":"wp","href":"https:\/\/api.w.org\/{rel}","templated":true}]}}