{"id":20663,"date":"2023-04-20T15:59:11","date_gmt":"2023-04-20T18:59:11","guid":{"rendered":"https:\/\/chacosintesis.com.ar\/?p=20663"},"modified":"2023-04-20T16:06:41","modified_gmt":"2023-04-20T19:06:41","slug":"guillermina-capitanich-los-medios-publicos-somos-la-garantia-de-pluralidad-de-voces","status":"publish","type":"post","link":"https:\/\/chacosintesis.com.ar\/index.php\/guillermina-capitanich-los-medios-publicos-somos-la-garantia-de-pluralidad-de-voces\/","title":{"rendered":"Guillermina Capitanich: \u201cLos medios p\u00fablicos somos la garant\u00eda de pluralidad de voces\u201d"},"content":{"rendered":"<p>La funcionaria remarc\u00f3 la necesidad de cambiar la mirada de los contenidos audiovisuales, \u201cproduciendo desde la periferia hacia el centro del pa\u00eds\u201d. Tambi\u00e9n destac\u00f3 la calidad, apertura y el car\u00e1cter democr\u00e1ticos de los contenidos que producen y emiten cada uno de los canales de la TV P\u00fablica.<br \/>\nEn la apertura del Primer Plenario del Consejo Federal de la Televisi\u00f3n P\u00fablica, que se realiza hoy y ma\u00f1ana en el Chaco, Mar\u00eda Guillermina Capitanich, directora de los Medios P\u00fablicos locales, invit\u00f3 a defender al sector \u201cporque somos la garant\u00eda de la pluralidad de voces\u201d.<br \/>\nLa directora comenz\u00f3 su intervenci\u00f3n agradeciendo a toda la familia de los medios p\u00fablicos nacionales por elegir al Chaco como la sede de este primer plenario. \u201cSomos una de las 10 provincias que conformamos el Norte Grande Argentino y es un orgullo para nosotros pensar desde aqu\u00ed el modelo de comunicaci\u00f3n que queremos para nuestro pa\u00eds\u201d. En este sentido, Capitanich propuso pensar una comunicaci\u00f3n m\u00e1s federal y dijo que \u201cel modelo de producci\u00f3n televisiva centralista est\u00e1 agotado y que hay que comenzar a pensar el pa\u00eds y su comunicaci\u00f3n desde la periferia hacia el centro\u201d.<br \/>\nEn el marco de los 40 a\u00f1os de democracia, Capitanich invit\u00f3 a todos los presentes a fortalecer la democracia \u201cen un contexto en donde se quiere instalar a los medios p\u00fablicos del pa\u00eds como una amenaza y debemos salir en defensa de ellos porque los medios p\u00fablicos somos la garant\u00eda de acceso a una informaci\u00f3n de calidad, para todas y todos, con contenidos informativos, educativos y de entretenimiento que hablen de cada punto de nuestro pa\u00eds, con pluralidad de voces\u201d.<br \/>\nRecordemos que este plenario de la televisi\u00f3n p\u00fablica nacional se celebra hoy y ma\u00f1ana en el Centro de Convenciones Gala, con la presencia del director ejecutivo de la Televisi\u00f3n P\u00fablica Nacional, Claudio Mart\u00ednez, junto a los representantes de los medios p\u00fablicos de distintas provincias.<br \/>\nEn el Chaco, los medios p\u00fablicos est\u00e1n integrados por Chaco Tv, creado en 2013; Radio Provincia del Chaco, en 2015; y la Agencia de noticias FOCO, activa desde marzo de 2020.<br \/>\nLa directora de los medios p\u00fablicos del Chaco hizo referencia al a\u00f1o electoral y manifest\u00f3 que \u201cse debatir\u00e1n proyectos de pa\u00eds, proyectos de provincia y  la comunicaci\u00f3n tiene que formar parte de esa discusi\u00f3n como garant\u00eda de un derecho humano, saliendo en defensa de una comunicaci\u00f3n abierta, plural y democr\u00e1tica, que forma parte de un proyecto colectivo\u201d.<br \/>\nEntre los temas que debatir\u00e1n en las dos jornadas est\u00e1n los paneles de \u201cMedios p\u00fablicos y la construcci\u00f3n de una comunicaci\u00f3n federal\u201d; \u201cMedios, plataformas audiovisuales e industria del conocimiento\u201d y \u201cEl rol de los medios p\u00fablicos en los 40 a\u00f1os de democracia\u201d, entre otros.<br \/>\n<<a href=\"http:\/\/www.avg.com\/email-signature?utm_medium=email&#038;utm_source=link&#038;utm_campaign=sig-email&#038;utm_content=webmail\">www.avg.com\/email-signature?utm_medium=email&amp;utm_source=link&amp;utm_campaign=sig-email&amp;utm_content=webmail<\/a>> Libre de virus.www.avg.com <<a href=\"http:\/\/www.avg.com\/email-signature?utm_medium=email&#038;utm_source=link&#038;utm_campaign=sig-email&#038;utm_content=webmail\">www.avg.com\/email-signature?utm_medium=email&amp;utm_source=link&amp;utm_campaign=sig-email&amp;utm_content=webmail<\/a>> <#DAB4FAD8-2DD7-40BB-A1B8-4E2AA1F9FDF2><\/p>\n","protected":false},"excerpt":{"rendered":"<p>La funcionaria remarc\u00f3 la necesidad de cambiar la mirada de los contenidos audiovisuales, \u201cproduciendo desde la periferia hacia el centro del pa\u00eds\u201d. Tambi\u00e9n destac\u00f3 la calidad, apertura y el car\u00e1cter democr\u00e1ticos de los contenidos que producen y emiten cada uno de los canales de la TV P\u00fablica. En la apertura del Primer Plenario del Consejo [&hellip;]<\/p>\n","protected":false},"author":1,"featured_media":20664,"comment_status":"closed","ping_status":"closed","sticky":false,"template":"","format":"standard","meta":{"footnotes":""},"categories":[6],"tags":[],"class_list":{"0":"post-20663","1":"post","2":"type-post","3":"status-publish","4":"format-standard","5":"has-post-thumbnail","7":"category-chaco"},"_links":{"self":[{"href":"https:\/\/chacosintesis.com.ar\/index.php\/wp-json\/wp\/v2\/posts\/20663","targetHints":{"allow":["GET"]}}],"collection":[{"href":"https:\/\/chacosintesis.com.ar\/index.php\/wp-json\/wp\/v2\/posts"}],"about":[{"href":"https:\/\/chacosintesis.com.ar\/index.php\/wp-json\/wp\/v2\/types\/post"}],"author":[{"embeddable":true,"href":"https:\/\/chacosintesis.com.ar\/index.php\/wp-json\/wp\/v2\/users\/1"}],"replies":[{"embeddable":true,"href":"https:\/\/chacosintesis.com.ar\/index.php\/wp-json\/wp\/v2\/comments?post=20663"}],"version-history":[{"count":0,"href":"https:\/\/chacosintesis.com.ar\/index.php\/wp-json\/wp\/v2\/posts\/20663\/revisions"}],"wp:featuredmedia":[{"embeddable":true,"href":"https:\/\/chacosintesis.com.ar\/index.php\/wp-json\/wp\/v2\/media\/20664"}],"wp:attachment":[{"href":"https:\/\/chacosintesis.com.ar\/index.php\/wp-json\/wp\/v2\/media?parent=20663"}],"wp:term":[{"taxonomy":"category","embeddable":true,"href":"https:\/\/chacosintesis.com.ar\/index.php\/wp-json\/wp\/v2\/categories?post=20663"},{"taxonomy":"post_tag","embeddable":true,"href":"https:\/\/chacosintesis.com.ar\/index.php\/wp-json\/wp\/v2\/tags?post=20663"}],"curies":[{"name":"wp","href":"https:\/\/api.w.org\/{rel}","templated":true}]}}