{"id":20617,"date":"2023-04-19T10:40:05","date_gmt":"2023-04-19T13:40:05","guid":{"rendered":"https:\/\/chacosintesis.com.ar\/?p=20617"},"modified":"2023-04-19T11:06:37","modified_gmt":"2023-04-19T14:06:37","slug":"con-mas-de-460-camaras-comenzo-a-funcionar-el-centro-unico-de-monitoreo-para-combatir-el-delito","status":"publish","type":"post","link":"https:\/\/chacosintesis.com.ar\/index.php\/con-mas-de-460-camaras-comenzo-a-funcionar-el-centro-unico-de-monitoreo-para-combatir-el-delito\/","title":{"rendered":"Con m\u00e1s de 460 c\u00e1maras, comenz\u00f3 a funcionar el Centro \u00danico de Monitoreo para combatir el delito"},"content":{"rendered":"<p>La aplicaci\u00f3n de tecnolog\u00eda es el eje para fortalecer la resoluci\u00f3n de los delitos. Capitanich tambi\u00e9n record\u00f3 el plan de inversiones en obras p\u00fablicas, inclusi\u00f3n social y seguridad que permite combatir la multicausalidad de los hechos delictivos.<\/p>\n<p>El gobernador Jorge Capitanich, junto a la ministra de Seguridad, Gloria Salazar, inauguraron el Centro \u00danico de Monitoreo, con m\u00e1s de 460 c\u00e1maras que se combinan con recurso humano calificado y un plan de inversiones para mejorar la seguridad existente. \u201cEn 22 a\u00f1os, el delito pas\u00f3 de m\u00e1s de 49.390 hechos en 2002, hoy 24.312 delitos en 2022. Esto significa que el n\u00famero de delitos baj\u00f3 pero la sensaci\u00f3n de inseguridad es creciente porque la gente entiende que la seguridad es una cuesti\u00f3n indelegable del Estado y en la cual estamos trabajando\u201d, explic\u00f3 Capitanich.<br \/>\nSalazar dijo que \u201cponemos en funcionamiento del Centro \u00danico de Monitoreo de la Polic\u00eda del Chaco, con m\u00e1s de 460 c\u00e1maras\u201d. Esto demand\u00f3 una inversi\u00f3n de $70.000.000 y \u201cque permite poner en valor uno de los ejes de la pol\u00edtica de seguridad de la provincia del Chaco que tiene que ver con la aplicaci\u00f3n de tecnolog\u00eda para la prevenci\u00f3n. Estamos muy contentos porque permitir\u00e1 agilizar las tareas de prevenci\u00f3n y tambi\u00e9n aportar a las investigaciones con el Ministerio P\u00fablico Fiscal\u201d, explic\u00f3 la ministra.<br \/>\nEn su intervenci\u00f3n, Capitanich dijo: \u201cLo m\u00e1s importante es que en el Chaco avanzamos progresivamente en la incorporaci\u00f3n de tecnolog\u00eda, por ejemplo, todos los tr\u00e1mites de car\u00e1cter burocr\u00e1tico como el certificado de buena conducta o domicilio se hacen v\u00eda plataforma digital. De esta manera se libera a los agentes de seguridad que estaban detr\u00e1s de estos tr\u00e1mites para que puedan sumarse a las acciones de seguridad en el territorio provincial, as\u00ed tenemos m\u00e1s de 7.700 agentes disponibles. Lo que nosotros estamos haciendo es usar la tecnolog\u00eda para optimizar el trabajo de seguridad. Con el uso de las c\u00e1maras de seguridad estamos monitoreando el mapa del delito, que se confeccionan de acuerdo a la ocurrencia de los mismos, y a partir de ah\u00ed se establecen las c\u00e1maras correspondientes\u201d.<br \/>\nEn este sentido, explic\u00f3 que \u201cla consolidaci\u00f3n del sistema de c\u00e1maras del sistema p\u00fablico y privado nos permitir\u00e1 tener un sistema de monitoreo en tiempo real, las 24 horas del sistema de seguridad p\u00fablica. A partir de la identificaci\u00f3n de imagen y monitoreo con personal especializado, autom\u00e1ticamente se imparten las instrucciones correspondientes para que los m\u00f3viles de patrulla policial puedan intervenir lo m\u00e1s r\u00e1pido posible\u201d.<br \/>\nEl gobernador estuvo acompa\u00f1ado por representantes de Gendarmer\u00eda Nacional, Polic\u00eda del Chaco y el equipo del Ministerio de Seguridad y Justicia.<\/p>\n<p>Inversi\u00f3n en seguridad<br \/>\nEn nuestra provincia se invierte el 5,7% del presupuesto p\u00fablico en seguridad. \u201cTenemos 99.633 kil\u00f3metros cuadrados y entre todas las fuerzas de seguridad presentes en el Chaco, llegamos a tener casi 10.000 agentes. Eso implica un despliegue provincial que se coordina con los nueve pasos fronterizos y la distribuci\u00f3n en 70 municipios, con la incorporaci\u00f3n de Colonia Aborigen, lo que implica un dise\u00f1o del mapa del delito y las cuadr\u00edculas operacionales, lo que requiere un sistema de provisi\u00f3n de motos, autos y camionetas, que forman parte del parque automotor para garantizar la seguridad\u201d, describi\u00f3 Capitanich.<\/p>\n<p>Respecto de c\u00f3mo combatir el delito, el gobernador explic\u00f3: \u201cTodos sabemos que el delito es un fen\u00f3meno multicausal, en donde intervienen muchos factores como la falta de empleo formal, infraestructura social b\u00e1sica, urbanizaci\u00f3n de barrios populares, programas de inclusi\u00f3n social, entre otros. Estamos ejecutando un plan ambicioso de pavimentaci\u00f3n urbana; con la instalaci\u00f3n de 20.000 luminarias LED para calles m\u00e1s seguras en toda la provincia\u201d.<br \/>\nAdem\u00e1s record\u00f3 que el Chaco tiene 25 municipios con menos de 2.000 habitantes que cuentan con distintos dispositivos de seguridad como comisar\u00edas urbanas y dispositivos rurales, \u201cpara lo cual gestionamos financiamiento para la refacci\u00f3n de 92 comisar\u00edas\u201d, anunci\u00f3 el mandatario.<br \/>\nEl gobernador record\u00f3 que se trabaja en la incorporaci\u00f3n y capacitaci\u00f3n de personal a las fuerzas de seguridad. \u201cDel 2005 a hoy se duplic\u00f3 el n\u00famero de agentes disponibles y se triplic\u00f3 la flota de veh\u00edculos para el patrullaje\u201d.  Y a\u00f1adi\u00f3: \u201cCreemos necesaria fortalecer la creaci\u00f3n de foros de seguridad vecinal, actualmente tenemos entre 52 y 58 con distintos grados de funcionamiento, y 26 consejos de seguridad municipales. Necesitamos llegar a tener por lo menos un foro de seguridad por cuadr\u00edcula, lo que implica tener m\u00e1s de 170 foros de seguridad vecinal con un mecanismo de monitoreo del mapa del delito\u201d.<br \/>\nDesde el \u00e1mbito de la legislaci\u00f3n, Capitanich remarc\u00f3 que \u201cestamos promoviendo la reforma del C\u00f3digo Procesal Penal, en cuestiones puntuales como el Colegio de Jueces, el otorgamiento de prisi\u00f3n preventiva a trav\u00e9s del juez de garant\u00edas por audiencia p\u00fablica\u201d.<br \/>\nDe acuerdo al d\u00e9ficit de lugares de detenci\u00f3n que presenta la provincia, el mandatario anunci\u00f3 que existe un plan de construcci\u00f3n de 700 nuevos lugares de detenci\u00f3n.<\/p>\n","protected":false},"excerpt":{"rendered":"<p>La aplicaci\u00f3n de tecnolog\u00eda es el eje para fortalecer la resoluci\u00f3n de los delitos. Capitanich tambi\u00e9n record\u00f3 el plan de inversiones en obras p\u00fablicas, inclusi\u00f3n social y seguridad que permite combatir la multicausalidad de los hechos delictivos. El gobernador Jorge Capitanich, junto a la ministra de Seguridad, Gloria Salazar, inauguraron el Centro \u00danico de Monitoreo, [&hellip;]<\/p>\n","protected":false},"author":1,"featured_media":20618,"comment_status":"closed","ping_status":"closed","sticky":false,"template":"","format":"standard","meta":{"footnotes":""},"categories":[6],"tags":[],"class_list":{"0":"post-20617","1":"post","2":"type-post","3":"status-publish","4":"format-standard","5":"has-post-thumbnail","7":"category-chaco"},"_links":{"self":[{"href":"https:\/\/chacosintesis.com.ar\/index.php\/wp-json\/wp\/v2\/posts\/20617","targetHints":{"allow":["GET"]}}],"collection":[{"href":"https:\/\/chacosintesis.com.ar\/index.php\/wp-json\/wp\/v2\/posts"}],"about":[{"href":"https:\/\/chacosintesis.com.ar\/index.php\/wp-json\/wp\/v2\/types\/post"}],"author":[{"embeddable":true,"href":"https:\/\/chacosintesis.com.ar\/index.php\/wp-json\/wp\/v2\/users\/1"}],"replies":[{"embeddable":true,"href":"https:\/\/chacosintesis.com.ar\/index.php\/wp-json\/wp\/v2\/comments?post=20617"}],"version-history":[{"count":0,"href":"https:\/\/chacosintesis.com.ar\/index.php\/wp-json\/wp\/v2\/posts\/20617\/revisions"}],"wp:featuredmedia":[{"embeddable":true,"href":"https:\/\/chacosintesis.com.ar\/index.php\/wp-json\/wp\/v2\/media\/20618"}],"wp:attachment":[{"href":"https:\/\/chacosintesis.com.ar\/index.php\/wp-json\/wp\/v2\/media?parent=20617"}],"wp:term":[{"taxonomy":"category","embeddable":true,"href":"https:\/\/chacosintesis.com.ar\/index.php\/wp-json\/wp\/v2\/categories?post=20617"},{"taxonomy":"post_tag","embeddable":true,"href":"https:\/\/chacosintesis.com.ar\/index.php\/wp-json\/wp\/v2\/tags?post=20617"}],"curies":[{"name":"wp","href":"https:\/\/api.w.org\/{rel}","templated":true}]}}