{"id":20603,"date":"2023-04-19T11:06:36","date_gmt":"2023-04-19T14:06:36","guid":{"rendered":"https:\/\/chacosintesis.com.ar\/?p=20603"},"modified":"2023-04-20T22:24:01","modified_gmt":"2023-04-21T01:24:01","slug":"la-tigra-la-familia-de-francesca-pide-al-gobernador-capitanich-que-frene-la-ejecucion-judicial-en-contra-de-la-nina-con-discapacidad-visceral-cardiopatia-congenita","status":"publish","type":"post","link":"https:\/\/chacosintesis.com.ar\/index.php\/la-tigra-la-familia-de-francesca-pide-al-gobernador-capitanich-que-frene-la-ejecucion-judicial-en-contra-de-la-nina-con-discapacidad-visceral-cardiopatia-congenita\/","title":{"rendered":"LA TIGRA- La familia de Francesca pide al Gobernador Capitanich que frene la Ejecuci\u00f3n Judicial en contra de la ni\u00f1a con Discapacidad Visceral-Cardiopat\u00eda Cong\u00e9nita."},"content":{"rendered":"\n<p>CARTA ABIERTA AL GOBERNADOR POR PARTE DE LA FAMILIA DE FRANCESCA :<\/p>\n\n\n\n<p> Se\u00f1or Gobernador de Chaco Jorge Milton Capitanich Frene la Ejecuci\u00f3n Judicial en contra Francesca ni\u00f1a con Discapacidad Visceral &#8211; Cardiopat\u00eda Cong\u00e9nita<\/p>\n\n\n\n<p>Francesca una Ni\u00f1a de la Provincia de Chaco con Cardiopat\u00eda Cong\u00e9nita que como muchos naci\u00f3 para luchar.<\/p>\n\n\n\n<p>Hoy sus padres Gabriela y Edgar est\u00e1n a punto de ser Ejecutados Judicialmente,<br>La Obra Social de la Provincia del Chaco INSSSEP quiere se ejecute judicialmente a los Padres de Francesca.<br>Despu\u00e9s de realizarle a Francesca 4 cirug\u00edas paliativas de coraz\u00f3n y no responder favorablemente, los m\u00e9dicos tratantes en Argentina decidieron ponerla en Lista de espera para Trasplante de Coraz\u00f3n.<br>Los Padres de Fran al no tener garant\u00edas de evoluci\u00f3n favorable, buscaron una segunda opini\u00f3n en el Hospital de Ni\u00f1os de Boston, Estados Unidos.<br>En 2017 realizaron una campa\u00f1a solidaria para poder realizar los estudios en el Hospital de Ni\u00f1os de Boston, EEUU para ver si era candidata a la Cirug\u00eda de Reconversi\u00f3n Bi Ventricular.<br>Al tener diagnostico favorable en 2018 por medio de una Medida Cautelar consiguieron los fondos para la Cirug\u00eda de Reconversi\u00f3n Bi Ventricular parcial (Ventr\u00edculo Uno y Medio) en este Hospital de de Estados Unidos.<br>En 2020 Francesca Consigue otra Medida Cautelar para realizar el Control de esta Cirug\u00eda de Reconversi\u00f3n Bi Ventricular parcial (Ventr\u00edculo Uno y Medio) con el fin de evaluar si estaba lista para su Reconversion Biventricular completa, o sea como un coraz\u00f3n normal, con 4 cavidades (2 auriculas y 2 ventriculos).<br>Tratamiento no disponible en Argentina para la Condici\u00f3n de Francesca, paciente con Cardiopat\u00eda Cong\u00e9nita muy compleja, consistiendo en una transposici\u00f3n de los grandes vasos con inversi\u00f3n ventricular e hipoplasia del ventr\u00edculo derecho (enfermedades poco frecuentes cuyas codificaciones internacionales incluyen ORPHA: 216694 &#8211; Q20.5, ORPHA: 98723.<\/p>\n\n\n\n<p>Los Padres de Francesca cuentan con una Carta del Ministerio de Salud de Naci\u00f3n donde dice que no existen antecedentes de esta Cirug\u00eda en la Argentina para pacientes como Francesca.<br>Tambi\u00e9n cuentan con un informe del Defensor del Pueblo de la Provincia de Chaco donde pregunta a todos los Centros u Hospitales del Pa\u00eds respecto a esta Cirug\u00eda de Reconversi\u00f3n Biventricular en pacientes como Francesca, informando la nula experiencia en tratar estos casos.<\/p>\n\n\n\n<p>Hoy Fran y su familia luchan por frenar la Ejecuci\u00f3n Judicial que pone en peligro, tener una vida digna, un techo, un salario m\u00ednimo para alimentarse y vestirse.<br>Esta familia cuenta con un ingreso para el sustento familiar, ya que solo trabaja Edgar como empleado municipal.<br>A pesar de haber luchado para conseguir esta Cirug\u00eda que le devolvi\u00f3 la Salud y la vida a Francesca, la Justicia Chaque\u00f1a fallo en Contra, justificando que primero est\u00e1n las leyes provinciales de la obra social Chaque\u00f1a y luego la vida de Francesca Ni\u00f1a con Discapacidad Visceral &#8211; Cardiopat\u00eda Cong\u00e9nita.-<\/p>\n\n\n\n<p>FOTO a\u00f1o 2017 momento en que se realizaba campa\u00f1a para ayudar a Francesca.<\/p>\n\n\n\n<p><\/p>\n\n\n\n<figure class=\"wp-block-image size-large is-resized\"><img loading=\"lazy\" loading=\"lazy\" decoding=\"async\" src=\"data:image\/gif;base64,R0lGODlhAQABAIAAAAAAAP\/\/\/ywAAAAAAQABAAACAUwAOw==\" fifu-lazy=\"1\" fifu-data-sizes=\"auto\" fifu-data-srcset=\"https:\/\/i2.wp.com\/chacosintesis.com.ar\/wp-content\/uploads\/2023\/04\/IMG-20230419-WA0001-1-1024x702.jpg?ssl=1&w=75&resize=75&ssl=1 75w, https:\/\/i2.wp.com\/chacosintesis.com.ar\/wp-content\/uploads\/2023\/04\/IMG-20230419-WA0001-1-1024x702.jpg?ssl=1&w=100&resize=100&ssl=1 100w, https:\/\/i2.wp.com\/chacosintesis.com.ar\/wp-content\/uploads\/2023\/04\/IMG-20230419-WA0001-1-1024x702.jpg?ssl=1&w=150&resize=150&ssl=1 150w, https:\/\/i2.wp.com\/chacosintesis.com.ar\/wp-content\/uploads\/2023\/04\/IMG-20230419-WA0001-1-1024x702.jpg?ssl=1&w=240&resize=240&ssl=1 240w, https:\/\/i2.wp.com\/chacosintesis.com.ar\/wp-content\/uploads\/2023\/04\/IMG-20230419-WA0001-1-1024x702.jpg?ssl=1&w=320&resize=320&ssl=1 320w, https:\/\/i2.wp.com\/chacosintesis.com.ar\/wp-content\/uploads\/2023\/04\/IMG-20230419-WA0001-1-1024x702.jpg?ssl=1&w=500&resize=500&ssl=1 500w, https:\/\/i2.wp.com\/chacosintesis.com.ar\/wp-content\/uploads\/2023\/04\/IMG-20230419-WA0001-1-1024x702.jpg?ssl=1&w=640&resize=640&ssl=1 640w, https:\/\/i2.wp.com\/chacosintesis.com.ar\/wp-content\/uploads\/2023\/04\/IMG-20230419-WA0001-1-1024x702.jpg?ssl=1&w=800&resize=800&ssl=1 800w, https:\/\/i2.wp.com\/chacosintesis.com.ar\/wp-content\/uploads\/2023\/04\/IMG-20230419-WA0001-1-1024x702.jpg?ssl=1&w=1024&resize=1024&ssl=1 1024w, https:\/\/i2.wp.com\/chacosintesis.com.ar\/wp-content\/uploads\/2023\/04\/IMG-20230419-WA0001-1-1024x702.jpg?ssl=1&w=1280&resize=1280&ssl=1 1280w, https:\/\/i2.wp.com\/chacosintesis.com.ar\/wp-content\/uploads\/2023\/04\/IMG-20230419-WA0001-1-1024x702.jpg?ssl=1&w=1600&resize=1600&ssl=1 1600w\" fifu-data-src=\"https:\/\/i2.wp.com\/chacosintesis.com.ar\/wp-content\/uploads\/2023\/04\/IMG-20230419-WA0001-1-1024x702.jpg?ssl=1\" alt=\"\" class=\"wp-image-20631\" width=\"788\" height=\"541\"\/><\/figure>\n\n\n\n<figure class=\"wp-block-image size-large is-resized\"><img loading=\"lazy\" loading=\"lazy\" decoding=\"async\" src=\"data:image\/gif;base64,R0lGODlhAQABAIAAAAAAAP\/\/\/ywAAAAAAQABAAACAUwAOw==\" fifu-lazy=\"1\" fifu-data-sizes=\"auto\" fifu-data-srcset=\"https:\/\/i2.wp.com\/chacosintesis.com.ar\/wp-content\/uploads\/2023\/04\/IMG-20230419-WA0003-3-582x1024.jpg?ssl=1&w=75&resize=75&ssl=1 75w, https:\/\/i2.wp.com\/chacosintesis.com.ar\/wp-content\/uploads\/2023\/04\/IMG-20230419-WA0003-3-582x1024.jpg?ssl=1&w=100&resize=100&ssl=1 100w, https:\/\/i2.wp.com\/chacosintesis.com.ar\/wp-content\/uploads\/2023\/04\/IMG-20230419-WA0003-3-582x1024.jpg?ssl=1&w=150&resize=150&ssl=1 150w, https:\/\/i2.wp.com\/chacosintesis.com.ar\/wp-content\/uploads\/2023\/04\/IMG-20230419-WA0003-3-582x1024.jpg?ssl=1&w=240&resize=240&ssl=1 240w, https:\/\/i2.wp.com\/chacosintesis.com.ar\/wp-content\/uploads\/2023\/04\/IMG-20230419-WA0003-3-582x1024.jpg?ssl=1&w=320&resize=320&ssl=1 320w, https:\/\/i2.wp.com\/chacosintesis.com.ar\/wp-content\/uploads\/2023\/04\/IMG-20230419-WA0003-3-582x1024.jpg?ssl=1&w=500&resize=500&ssl=1 500w, https:\/\/i2.wp.com\/chacosintesis.com.ar\/wp-content\/uploads\/2023\/04\/IMG-20230419-WA0003-3-582x1024.jpg?ssl=1&w=640&resize=640&ssl=1 640w, https:\/\/i2.wp.com\/chacosintesis.com.ar\/wp-content\/uploads\/2023\/04\/IMG-20230419-WA0003-3-582x1024.jpg?ssl=1&w=800&resize=800&ssl=1 800w, https:\/\/i2.wp.com\/chacosintesis.com.ar\/wp-content\/uploads\/2023\/04\/IMG-20230419-WA0003-3-582x1024.jpg?ssl=1&w=1024&resize=1024&ssl=1 1024w, https:\/\/i2.wp.com\/chacosintesis.com.ar\/wp-content\/uploads\/2023\/04\/IMG-20230419-WA0003-3-582x1024.jpg?ssl=1&w=1280&resize=1280&ssl=1 1280w, https:\/\/i2.wp.com\/chacosintesis.com.ar\/wp-content\/uploads\/2023\/04\/IMG-20230419-WA0003-3-582x1024.jpg?ssl=1&w=1600&resize=1600&ssl=1 1600w\" fifu-data-src=\"https:\/\/i2.wp.com\/chacosintesis.com.ar\/wp-content\/uploads\/2023\/04\/IMG-20230419-WA0003-3-582x1024.jpg?ssl=1\" alt=\"\" class=\"wp-image-20632\" width=\"509\" height=\"895\"\/><\/figure>\n","protected":false},"excerpt":{"rendered":"<p>CARTA ABIERTA AL GOBERNADOR POR PARTE DE LA FAMILIA DE FRANCESCA : Se\u00f1or Gobernador de Chaco Jorge Milton Capitanich Frene la Ejecuci\u00f3n Judicial en contra Francesca ni\u00f1a con Discapacidad Visceral &#8211; Cardiopat\u00eda Cong\u00e9nita Francesca una Ni\u00f1a de la Provincia de Chaco con Cardiopat\u00eda Cong\u00e9nita que como muchos naci\u00f3 para luchar. Hoy sus padres Gabriela y [&hellip;]<\/p>\n","protected":false},"author":1,"featured_media":20606,"comment_status":"closed","ping_status":"closed","sticky":false,"template":"","format":"standard","meta":{"footnotes":""},"categories":[6],"tags":[],"class_list":{"0":"post-20603","1":"post","2":"type-post","3":"status-publish","4":"format-standard","5":"has-post-thumbnail","7":"category-chaco"},"_links":{"self":[{"href":"https:\/\/chacosintesis.com.ar\/index.php\/wp-json\/wp\/v2\/posts\/20603","targetHints":{"allow":["GET"]}}],"collection":[{"href":"https:\/\/chacosintesis.com.ar\/index.php\/wp-json\/wp\/v2\/posts"}],"about":[{"href":"https:\/\/chacosintesis.com.ar\/index.php\/wp-json\/wp\/v2\/types\/post"}],"author":[{"embeddable":true,"href":"https:\/\/chacosintesis.com.ar\/index.php\/wp-json\/wp\/v2\/users\/1"}],"replies":[{"embeddable":true,"href":"https:\/\/chacosintesis.com.ar\/index.php\/wp-json\/wp\/v2\/comments?post=20603"}],"version-history":[{"count":0,"href":"https:\/\/chacosintesis.com.ar\/index.php\/wp-json\/wp\/v2\/posts\/20603\/revisions"}],"wp:featuredmedia":[{"embeddable":true,"href":"https:\/\/chacosintesis.com.ar\/index.php\/wp-json\/wp\/v2\/media\/20606"}],"wp:attachment":[{"href":"https:\/\/chacosintesis.com.ar\/index.php\/wp-json\/wp\/v2\/media?parent=20603"}],"wp:term":[{"taxonomy":"category","embeddable":true,"href":"https:\/\/chacosintesis.com.ar\/index.php\/wp-json\/wp\/v2\/categories?post=20603"},{"taxonomy":"post_tag","embeddable":true,"href":"https:\/\/chacosintesis.com.ar\/index.php\/wp-json\/wp\/v2\/tags?post=20603"}],"curies":[{"name":"wp","href":"https:\/\/api.w.org\/{rel}","templated":true}]}}