{"id":20599,"date":"2023-04-18T11:30:27","date_gmt":"2023-04-18T14:30:27","guid":{"rendered":"https:\/\/chacosintesis.com.ar\/?p=20599"},"modified":"2023-04-18T11:37:14","modified_gmt":"2023-04-18T14:37:14","slug":"capitanich-entrego-titulos-de-propiedad-e-inauguro-un-mercado-popular-y-una-plazoleta","status":"publish","type":"post","link":"https:\/\/chacosintesis.com.ar\/index.php\/capitanich-entrego-titulos-de-propiedad-e-inauguro-un-mercado-popular-y-una-plazoleta\/","title":{"rendered":"Capitanich entreg\u00f3 t\u00edtulos de propiedad e inaugur\u00f3 un mercado popular y una plazoleta"},"content":{"rendered":"<p>\u201cGarantizamos derechos e impulsamos el consumo del comercio local\u201d, se\u00f1al\u00f3 el gobernador. Adem\u00e1s, se entregaron kits de equipamiento, herramientas e indumentaria para emprendedores.<br \/>\n En Barranqueras, el gobernador Jorge Capitanich inaugur\u00f3 este lunes una plazoleta y un mercado popular, adem\u00e1s entreg\u00f3 200 t\u00edtulos de propiedad para vecinos y vecinas de la ciudad y kits de herramientas para emprendimientos locales. Acompa\u00f1ado por la intendenta Magda Ayala, el mandatario destac\u00f3 que \u201cEl pueblo de Barranqueras cuenta hoy con el mayor nivel de inversi\u00f3n de su historia en materia de infraestructura\u201d.<br \/>\n \u201cDurante muchos a\u00f1os, esta ciudad tuvo en el pasado varios problemas de d\u00e9ficit en su infraestructura p\u00fablica y una crisis fiscal muy importante\u201d, se\u00f1al\u00f3 el gobernador durante el acto central. Adem\u00e1s, sostuvo que \u201cse est\u00e1 desarrollando un plan de obras p\u00fablicas sin precedentes, interviniendo en una pol\u00edtica p\u00fablica de recuperaci\u00f3n de espacios comunes para promover el encuentro\u201d.<\/p>\n<p>\u201cBarranqueras hoy tiene el mayor nivel de inversi\u00f3n de la historia en infraestructura con un plan de 420 cuadras de pavimento, edificios escolares, el hospital, viviendas, y vamos a continuar haciendo obras significativas que mejoren la calidad de vida de la comunidad\u201d, grafic\u00f3.<\/p>\n<p>En este sentido, el proyecto de la plazoleta demand\u00f3 una inversi\u00f3n de $10.746.221, con financiamiento del Instituto de Agricultura Familiar y Econom\u00eda Popular (IAFEP) y un plazo de ejecuci\u00f3n de cuatro meses. Se ubica en el barrio 500 Viviendas, donde se realiz\u00f3 la reconstrucci\u00f3n de veredas principales y perimetrales, la reinstalaci\u00f3n de la iluminaci\u00f3n con 15 farolas LED, kits de juegos infantiles, bancos de maderas, columnas met\u00e1licas, basureros, y se completaron los trabajos con el mejoramiento de canales de desag\u00fces aleda\u00f1os.<\/p>\n<p>\u201cInvertir en un espacio p\u00fablico es impulsar y garantizar la cultura del encuentro y la buena vecindad. Estos espacios sirven para las charlas diarias, la pr\u00e1ctica de deportes, el esparcimiento de los j\u00f3venes, las expresiones art\u00edsticas; y eso significa construir comunidad, lazos, amistad social\u201d, coment\u00f3 Capitanich, quien en la oportunidad tambi\u00e9n realiz\u00f3 la entrega de 200 t\u00edtulos de propiedad a vecinos y vecinas de la ciudad portuaria, adem\u00e1s de un \u00e1rbol para sus hogares.<\/p>\n<p>A su vez, el ministro de Planificaci\u00f3n, Econom\u00eda e Infraestructura, Santiago P\u00e9rez Pons, remarc\u00f3 que la plazoleta \u201cpotencia este espacio urbano de referencia para el esparcimiento y recreaci\u00f3n de los vecinos y vecinas de esta hist\u00f3rica zona sur de Barranqueras. Con la intendenta Magda Ayala, estamos llevando adelante m\u00faltiples obras que transforman la ciudad y a su vez generan empleo formal en beneficio de la econom\u00eda familiar\u201d.<\/p>\n<p>Impulso a emprendedores locales<\/p>\n<p>Durante la jornada se inaugur\u00f3 el nuevo mercado popular de Barranqueras, que tuvo un desembolso de 8 millones de pesos y fue financiado en conjunto por el Ministerio de Desarrollo Social y el Municipio local. Se trata de la construcci\u00f3n de un espacio con 10 puestos para exponer productos de los comerciantes, adem\u00e1s de sanitarios p\u00fablicos, dep\u00f3sitos y oficinas administrativas con proyecci\u00f3n de crecimiento a medida que el mercado se consolide.<\/p>\n<p>\u201cQu\u00e9 bueno es saber que hombres y mujeres de distintos lugares de la provincia son capaces de producir frutas, verduras, carne, leche, huevos y productos de panificaci\u00f3n, alimentos de primera calidad, que necesitan venderlo sin que pasen por otras manos. Por eso son importantes los mercados populares, porque permiten vincular directamente a productores con consumidores para que el excedente no se lo lleven los que acumulan riquezas a costa del esfuerzo del pueblo\u201d, remarc\u00f3 el Capitanich.<\/p>\n<p>El espacio se ubica en la plazoleta Arturo Illia de Barranqueras, y fue restaurado de manera integral, con iluminaci\u00f3n con artefactos LED, parquizaci\u00f3n y equipamiento completo para su \u00f3ptimo funcionamiento. El predio estar\u00e1 activo los lunes, mi\u00e9rcoles y viernes por la ma\u00f1ana en el rubro de los alimentos, y los fines de semana en rubros diversos para toda la familia.<\/p>\n<p>Acerca del mercado, P\u00e9rez Pons sostuvo que \u201ces una obra que pretendemos replicarla en diversos municipios, ya que brinda a productores locales un espacio para exhibir y comercializar sus productos a precios populares para toda la comunidad\u201d. El funcionario tambi\u00e9n visit\u00f3 algunos emprendimientos de la localidad, y destac\u00f3 que \u201cel Chaco tiene que producir alimentos porque esto permite garantizar que consumidores puedan comprar a precios accesibles y sostiene el desarrollo productivo\u201d.<\/p>\n<p>Por su parte, sobre la entrega de herramientas, estuvo a cargo de la Fundaci\u00f3n Chaco Solidario y tuvo una inversi\u00f3n provincial de 5 millones de pesos, incorpor\u00e1ndose 50 nuevas unidades productivas titulares y sus grupos familiares al programa. Cada kit consta de equipamiento, herramientas e indumentaria especial para trabajadores de los rubros de barber\u00eda, panificados, rotiser\u00eda, torner\u00eda, herrer\u00eda, carpinter\u00eda, reciclado de residuos s\u00f3lidos urbanos, marroquiner\u00eda y textiles.<\/p>\n<p> La intendenta Magda Ayala agradeci\u00f3 la presencia de los funcionarios provinciales y remarc\u00f3 que \u201cestamos muy felices, no solo por estas obras que estamos inaugurando, sino tambi\u00e9n por otras como la pavimentaci\u00f3n de la Avenida Nicol\u00e1s Rojas Acosta pr\u00f3xima a comenzar. Realmente nos ayudan a transformar nuestra localidad, y todo parte gracias a una escucha permanente hacia cada vecino y vecina\u201d.<\/p>\n<p> Acerca de la entrega de herramientas, la jefa comunal recalc\u00f3 que \u201cen Barranqueras existen 115 emprendedores activos, lo cual es producto de un trabajo continuo y coordinado con el Ministerio de Desarrollo Social que vamos a seguir desarrollando. Estas entregas nos ayudan a impulsar el crecimiento de su trabajo, as\u00ed como tambi\u00e9n los diversos financiamientos que facilita, con el fin de apoyar el comercio local\u201d.<\/p>\n<p> Estuvieron presentes durante las inauguraciones la ministra de Desarrollo Social, Mar\u00eda P\u00eda Chiacchio Cavana; la ministra de Seguridad y Justicia, Gloria Zalazar; la directora de la Fundaci\u00f3n Chaco Solidario, Carla Prette; los vocales del Instituto de Desarrollo Urbano y Vivienda (IPDUV), Mariano Brahim y Mirko Nicolich; y concejales, concejales y legisladores y legisladoras.<\/p>\n","protected":false},"excerpt":{"rendered":"<p>\u201cGarantizamos derechos e impulsamos el consumo del comercio local\u201d, se\u00f1al\u00f3 el gobernador. Adem\u00e1s, se entregaron kits de equipamiento, herramientas e indumentaria para emprendedores. En Barranqueras, el gobernador Jorge Capitanich inaugur\u00f3 este lunes una plazoleta y un mercado popular, adem\u00e1s entreg\u00f3 200 t\u00edtulos de propiedad para vecinos y vecinas de la ciudad y kits de herramientas [&hellip;]<\/p>\n","protected":false},"author":1,"featured_media":20600,"comment_status":"closed","ping_status":"closed","sticky":false,"template":"","format":"standard","meta":{"footnotes":""},"categories":[6],"tags":[],"class_list":{"0":"post-20599","1":"post","2":"type-post","3":"status-publish","4":"format-standard","5":"has-post-thumbnail","7":"category-chaco"},"_links":{"self":[{"href":"https:\/\/chacosintesis.com.ar\/index.php\/wp-json\/wp\/v2\/posts\/20599","targetHints":{"allow":["GET"]}}],"collection":[{"href":"https:\/\/chacosintesis.com.ar\/index.php\/wp-json\/wp\/v2\/posts"}],"about":[{"href":"https:\/\/chacosintesis.com.ar\/index.php\/wp-json\/wp\/v2\/types\/post"}],"author":[{"embeddable":true,"href":"https:\/\/chacosintesis.com.ar\/index.php\/wp-json\/wp\/v2\/users\/1"}],"replies":[{"embeddable":true,"href":"https:\/\/chacosintesis.com.ar\/index.php\/wp-json\/wp\/v2\/comments?post=20599"}],"version-history":[{"count":0,"href":"https:\/\/chacosintesis.com.ar\/index.php\/wp-json\/wp\/v2\/posts\/20599\/revisions"}],"wp:featuredmedia":[{"embeddable":true,"href":"https:\/\/chacosintesis.com.ar\/index.php\/wp-json\/wp\/v2\/media\/20600"}],"wp:attachment":[{"href":"https:\/\/chacosintesis.com.ar\/index.php\/wp-json\/wp\/v2\/media?parent=20599"}],"wp:term":[{"taxonomy":"category","embeddable":true,"href":"https:\/\/chacosintesis.com.ar\/index.php\/wp-json\/wp\/v2\/categories?post=20599"},{"taxonomy":"post_tag","embeddable":true,"href":"https:\/\/chacosintesis.com.ar\/index.php\/wp-json\/wp\/v2\/tags?post=20599"}],"curies":[{"name":"wp","href":"https:\/\/api.w.org\/{rel}","templated":true}]}}