{"id":205974,"date":"2026-02-22T08:02:04","date_gmt":"2026-02-22T11:02:04","guid":{"rendered":"https:\/\/chacosintesis.com.ar\/index.php\/la-construccion-arranco-2026-con-suba-moderada-y-quedo-por-debajo-de-la-inflacion\/"},"modified":"2026-02-22T08:02:04","modified_gmt":"2026-02-22T11:02:04","slug":"la-construccion-arranco-2026-con-suba-moderada-y-quedo-por-debajo-de-la-inflacion","status":"publish","type":"post","link":"https:\/\/chacosintesis.com.ar\/index.php\/la-construccion-arranco-2026-con-suba-moderada-y-quedo-por-debajo-de-la-inflacion\/","title":{"rendered":"La construcci\u00f3n arranc\u00f3 2026 con suba moderada y qued\u00f3 por debajo de la inflaci\u00f3n"},"content":{"rendered":"<p><\/p>\n<div>\n<aside class=\"scaip scaip-1    \">\n\t\t<\/aside>\n<p>El sector de la construcci\u00f3n inici\u00f3 2026 con una suba del 2,3% en el \u00cdndice del Costo de la Construcci\u00f3n (ICC), por debajo del 2,9% que registr\u00f3 el \u00cdndice de Precios al Consumidor (IPC) en el mismo per\u00edodo. <\/p>\n<p>Los datos difundidos por el Instituto Nacional de Estad\u00edstica y Censos y los relevamientos de la C\u00e1mara Argentina de la Construcci\u00f3n coincidieron en el nivel general, consolidando una tendencia de menor presi\u00f3n inflacionaria relativa para el rubro.<\/p>\n<aside class=\"scaip scaip-2    \">\n\t\t<\/aside>\n<p>El principal impulso del \u00edndice provino del cap\u00edtulo Mano de obra, que avanz\u00f3 3,1% tras la aplicaci\u00f3n de los acuerdos salariales de la Uni\u00f3n Obrera de la Construcci\u00f3n de la Rep\u00fablica Argentina, homologados a mediados de enero. <\/p>\n<p>El ajuste impact\u00f3 tanto en el personal asalariado como en los subcontratos. En contraste, el rubro Materiales mostr\u00f3 diferencias metodol\u00f3gicas: el Indec registr\u00f3 un alza del 1,4%, mientras que las c\u00e1maras empresariales estimaron 2,1%, brecha atribuida a la distinta ponderaci\u00f3n de insumos y a los modelos de medici\u00f3n utilizados.<\/p>\n<aside class=\"scaip scaip-3    \">\n\t\t<\/aside>\n<div class=\"wp-block-newspack-blocks-homepage-articles recomendada wpnbha show-image image-alignleft ts-2 is-1 is-landscape recomendada\" style=\"\">\n<div data-posts=\"\" data-current-post-id=\"2190409\">\n<article data-post-id=\"2190431\" class=\"tag-elecciones tag-home-destacada-lateral-01 tag-mendoza category-mendoza type-post post-has-image\">\n<figure class=\"post-thumbnail\">\n\t\t\t\t\t\t\t\t<a href=\"https:\/\/www.elsol.com.ar\/mendoza\/elecciones-en-mendoza-el-costo-de-los-comicios-en-cada-departamento\/\" rel=\"bookmark\" tabindex=\"-1\" aria-hidden=\"true\"><br \/>\n\t\t\t\t\t\t\t\t\t\t\t\t<img loading=\"lazy\" loading=\"lazy\" decoding=\"async\" width=\"600\" height=\"450\" src=\"https:\/\/i0.wp.com\/www.elsol.com.ar\/wp-content\/uploads\/2025\/10\/elecciones-generales-provinciales-2023-voto-urna-mesa-sufragio-boleta-unica.webp?resize=600%2C450&amp;quality=80&amp;ssl=1\" class=\"attachment-newspack-article-block-landscape-intermediate size-newspack-article-block-landscape-intermediate wp-post-image\" alt=\"Elecciones en Mendoza: el costo de los comicios en cada departamento\" data-hero-candidate=\"1\" srcset=\"https:\/\/i0.wp.com\/www.elsol.com.ar\/wp-content\/uploads\/2025\/10\/elecciones-generales-provinciales-2023-voto-urna-mesa-sufragio-boleta-unica.webp?resize=600%2C450&amp;quality=80&amp;ssl=1 600w, https:\/\/i0.wp.com\/www.elsol.com.ar\/wp-content\/uploads\/2025\/10\/elecciones-generales-provinciales-2023-voto-urna-mesa-sufragio-boleta-unica.webp?resize=400%2C300&amp;quality=80&amp;ssl=1 400w, https:\/\/i0.wp.com\/www.elsol.com.ar\/wp-content\/uploads\/2025\/10\/elecciones-generales-provinciales-2023-voto-urna-mesa-sufragio-boleta-unica.webp?resize=200%2C150&amp;quality=80&amp;ssl=1 200w, https:\/\/i0.wp.com\/www.elsol.com.ar\/wp-content\/uploads\/2025\/10\/elecciones-generales-provinciales-2023-voto-urna-mesa-sufragio-boleta-unica.webp?resize=600%2C450&amp;quality=80&amp;ssl=1&amp;w=370 370w\" sizes=\"auto, (min-width: 782px) 600px, (min-width: 600px) 42.5vw, 90vw\"\/>\t\t\t\t\t\t\t\t\t\t\t\t<\/a><\/p>\n<\/figure>\n<p><!-- .featured-image --><\/p>\n<div class=\"entry-wrapper\">\n<p>Maip\u00fa, Luj\u00e1n de Cuyo, Rivadavia, Santa Rosa, La Paz y San Rafael votar\u00e1n este domingo para renovar la mitad de sus Concejos Deliberantes. Al separar los comicios de las elecciones provinciales y nacionales, deber\u00e1n asumir en forma \u00edntegra el costo del\u2026<\/p>\n<p>\n\t\t\t\t\t<time class=\"entry-date published\" datetime=\"2026-02-22T07:52:17-03:00\">febrero 22, 2026 7:52 am<\/time><time class=\"updated\" datetime=\"2026-02-22T07:52:21-03:00\">febrero 22, 2026 7:52 am<\/time>\t\t\t\t<\/p>\n<p><!-- .entry-meta -->\n\t\t\t\t\t\t\t\t<\/div>\n<p><!-- .entry-wrapper --><br \/>\n\t<\/article>\n<\/p><\/div>\n<\/p><\/div>\n<p>Los Gastos generales crecieron 2,2%, traccionados por revisiones tarifarias en electricidad y actualizaciones en servicios de agua, cloacas y gas. La incidencia de estos componentes evidenci\u00f3 el peso de los costos regulados en la estructura de una obra civil, aun en un contexto de desaceleraci\u00f3n general.<\/p>\n<p>Al desagregar por tareas, los mayores aumentos se concentraron en etapas estructurales. El \u00edtem \u201cestructura\u201d lider\u00f3 con 3%, seguido por alba\u00f1iler\u00eda (2,8%) y \u201cotros trabajos y gastos\u201d (2,4%). Movimientos de tierra y carpinter\u00eda de madera avanzaron 2,1%. En el extremo opuesto, ascensores registr\u00f3 una ca\u00edda mensual del 1%, vidrios no mostr\u00f3 variaciones y pintura subi\u00f3 0,8%, por debajo del promedio.<\/p>\n<aside class=\"scaip scaip-4    \">\n\t\t<\/aside>\n<p>En materiales espec\u00edficos, la dispersi\u00f3n fue marcada. Los cables y conductores de media y baja tensi\u00f3n aumentaron 4,9%, al igual que el alquiler de andamios dentro de los servicios asociados. Las piezas de carpinter\u00eda y los productos de hormig\u00f3n y cemento subieron 2,7%. El cemento portland en bolsa avanz\u00f3 3,2%, mientras que el acero aletado apenas 0,9% y el ladrillo cer\u00e1mico hueco se mantuvo estable. El comportamiento heterog\u00e9neo confirma una desaceleraci\u00f3n agregada con tensiones puntuales en insumos clave y servicios vinculados a la ejecuci\u00f3n de obra.<\/p>\n<p><h3 class=\"jp-relatedposts-headline\"><em>M\u00c1S NOTICIAS:<\/em><\/h3>\n<\/p>\n<section id=\"block-24\" class=\"below-content widget widget_block\"\/>\n<section id=\"block-38\" class=\"below-content widget widget_block\">\n<\/section>\n<\/p><\/div>\n","protected":false},"excerpt":{"rendered":"<p>El sector de la construcci\u00f3n inici\u00f3 2026 con una suba del 2,3% en el \u00cdndice del Costo de la Construcci\u00f3n (ICC), por debajo del 2,9% que registr\u00f3 el \u00cdndice de Precios al Consumidor (IPC) en el mismo per\u00edodo. Los datos difundidos por el Instituto Nacional de Estad\u00edstica y Censos y los relevamientos de la C\u00e1mara [&hellip;]<\/p>\n","protected":false},"author":1,"featured_media":188156,"comment_status":"","ping_status":"","sticky":false,"template":"","format":"standard","meta":{"footnotes":""},"categories":[8],"tags":[],"class_list":{"0":"post-205974","1":"post","2":"type-post","3":"status-publish","4":"format-standard","5":"has-post-thumbnail","7":"category-nacionales"},"_links":{"self":[{"href":"https:\/\/chacosintesis.com.ar\/index.php\/wp-json\/wp\/v2\/posts\/205974","targetHints":{"allow":["GET"]}}],"collection":[{"href":"https:\/\/chacosintesis.com.ar\/index.php\/wp-json\/wp\/v2\/posts"}],"about":[{"href":"https:\/\/chacosintesis.com.ar\/index.php\/wp-json\/wp\/v2\/types\/post"}],"author":[{"embeddable":true,"href":"https:\/\/chacosintesis.com.ar\/index.php\/wp-json\/wp\/v2\/users\/1"}],"replies":[{"embeddable":true,"href":"https:\/\/chacosintesis.com.ar\/index.php\/wp-json\/wp\/v2\/comments?post=205974"}],"version-history":[{"count":0,"href":"https:\/\/chacosintesis.com.ar\/index.php\/wp-json\/wp\/v2\/posts\/205974\/revisions"}],"wp:featuredmedia":[{"embeddable":true,"href":"https:\/\/chacosintesis.com.ar\/index.php\/wp-json\/wp\/v2\/media\/188156"}],"wp:attachment":[{"href":"https:\/\/chacosintesis.com.ar\/index.php\/wp-json\/wp\/v2\/media?parent=205974"}],"wp:term":[{"taxonomy":"category","embeddable":true,"href":"https:\/\/chacosintesis.com.ar\/index.php\/wp-json\/wp\/v2\/categories?post=205974"},{"taxonomy":"post_tag","embeddable":true,"href":"https:\/\/chacosintesis.com.ar\/index.php\/wp-json\/wp\/v2\/tags?post=205974"}],"curies":[{"name":"wp","href":"https:\/\/api.w.org\/{rel}","templated":true}]}}