{"id":20589,"date":"2023-04-17T17:31:37","date_gmt":"2023-04-17T20:31:37","guid":{"rendered":"https:\/\/chacosintesis.com.ar\/?p=20589"},"modified":"2023-04-17T17:36:50","modified_gmt":"2023-04-17T20:36:50","slug":"chapo-hemos-puesto-a-malvinas-en-la-agenda-politica-de-la-provincia","status":"publish","type":"post","link":"https:\/\/chacosintesis.com.ar\/index.php\/chapo-hemos-puesto-a-malvinas-en-la-agenda-politica-de-la-provincia\/","title":{"rendered":"Chapo: \u201cHemos puesto a Malvinas en la agenda pol\u00edtica de la provincia\u201d"},"content":{"rendered":"<p>El ministro de Gobierno se refiri\u00f3 al operativo de DNI gratuito para excombatientes, que los identificar\u00e1 como tales.<br \/>\nEl ministro de Gobierno, Juan Manuel Chapo, habl\u00f3 con Radio Provincia del Chaco sobre el operativo de gesti\u00f3n del Documento Nacional de Identidad destinado a excombatientes de Malvinas. En este contexto, el funcionario manifest\u00f3 que \u201clo que ha caracterizado a esta gesti\u00f3n es que \u201chemos puesto a Malvinas en la agenda pol\u00edtica de la provincia\u201d.<br \/>\nChapo calific\u00f3 esto como \u201cuna jornada hist\u00f3rica que se da a partir de un compromiso del gobernador Jorge Capitanich\u201d. El ministro sostuvo que estas reivindicaciones se van dando a medida que se resignifica a las Malvinas en la historia reciente del pa\u00eds.<br \/>\n\u201cMalvinas es una historia muy dolorosa y triste\u201d expres\u00f3 y dijo que los excombatientes \u201cpr\u00e1cticamente vivieron en las sombras y hoy estamos viviendo otro tiempo hist\u00f3rico, donde tienen el m\u00e1s absoluto reconocimiento del pueblo argentino\u201d.<br \/>\nEn este sentido, Chapo remarc\u00f3 que estas personas hicieron mucho por la recuperaci\u00f3n del sistema democr\u00e1tico y que este tipo de operativos se realizar\u00e1 en toda la provincia.<br \/>\nAdem\u00e1s, el ministro destac\u00f3 la obra \u201cfenomenal\u201d del museo de Malvinas que se inaugurar\u00e1 entre julio y agosto y dijo que se trata de una pol\u00edtica de Estado, ya que se piensa en Malvinas \u201cdesde el punto de vista de la soberan\u00eda, en t\u00e9rminos de libertad y en la forma expresarnos como un pa\u00eds soberano\u201d.<\/p>\n","protected":false},"excerpt":{"rendered":"<p>El ministro de Gobierno se refiri\u00f3 al operativo de DNI gratuito para excombatientes, que los identificar\u00e1 como tales. El ministro de Gobierno, Juan Manuel Chapo, habl\u00f3 con Radio Provincia del Chaco sobre el operativo de gesti\u00f3n del Documento Nacional de Identidad destinado a excombatientes de Malvinas. En este contexto, el funcionario manifest\u00f3 que \u201clo que [&hellip;]<\/p>\n","protected":false},"author":1,"featured_media":20590,"comment_status":"closed","ping_status":"closed","sticky":false,"template":"","format":"standard","meta":{"footnotes":""},"categories":[6],"tags":[],"class_list":{"0":"post-20589","1":"post","2":"type-post","3":"status-publish","4":"format-standard","5":"has-post-thumbnail","7":"category-chaco"},"_links":{"self":[{"href":"https:\/\/chacosintesis.com.ar\/index.php\/wp-json\/wp\/v2\/posts\/20589","targetHints":{"allow":["GET"]}}],"collection":[{"href":"https:\/\/chacosintesis.com.ar\/index.php\/wp-json\/wp\/v2\/posts"}],"about":[{"href":"https:\/\/chacosintesis.com.ar\/index.php\/wp-json\/wp\/v2\/types\/post"}],"author":[{"embeddable":true,"href":"https:\/\/chacosintesis.com.ar\/index.php\/wp-json\/wp\/v2\/users\/1"}],"replies":[{"embeddable":true,"href":"https:\/\/chacosintesis.com.ar\/index.php\/wp-json\/wp\/v2\/comments?post=20589"}],"version-history":[{"count":0,"href":"https:\/\/chacosintesis.com.ar\/index.php\/wp-json\/wp\/v2\/posts\/20589\/revisions"}],"wp:featuredmedia":[{"embeddable":true,"href":"https:\/\/chacosintesis.com.ar\/index.php\/wp-json\/wp\/v2\/media\/20590"}],"wp:attachment":[{"href":"https:\/\/chacosintesis.com.ar\/index.php\/wp-json\/wp\/v2\/media?parent=20589"}],"wp:term":[{"taxonomy":"category","embeddable":true,"href":"https:\/\/chacosintesis.com.ar\/index.php\/wp-json\/wp\/v2\/categories?post=20589"},{"taxonomy":"post_tag","embeddable":true,"href":"https:\/\/chacosintesis.com.ar\/index.php\/wp-json\/wp\/v2\/tags?post=20589"}],"curies":[{"name":"wp","href":"https:\/\/api.w.org\/{rel}","templated":true}]}}