{"id":20587,"date":"2023-04-17T17:29:59","date_gmt":"2023-04-17T20:29:59","guid":{"rendered":"https:\/\/chacosintesis.com.ar\/?p=20587"},"modified":"2023-04-17T17:36:49","modified_gmt":"2023-04-17T20:36:49","slug":"el-ministerio-de-produccion-asesoro-a-emprendimientos-para-que-puedan-acceder-a-financiamiento-y-programas","status":"publish","type":"post","link":"https:\/\/chacosintesis.com.ar\/index.php\/el-ministerio-de-produccion-asesoro-a-emprendimientos-para-que-puedan-acceder-a-financiamiento-y-programas\/","title":{"rendered":"El Ministerio de Producci\u00f3n asesor\u00f3 a emprendimientos para que puedan acceder a financiamiento y programas"},"content":{"rendered":"<p>A trav\u00e9s de un stand del programa Industria Activa, la cartera particip\u00f3 del evento que se desarroll\u00f3 el fin de semana en S\u00e1enz Pe\u00f1a.<br \/>\n El Ministerio de Producci\u00f3n, Industria y Empleo tuvo una protag\u00f3nica participaci\u00f3n en la Expo Viv\u00ed la Termal, que se desarroll\u00f3 en Presidencia Roque S\u00e1enz Pe\u00f1a entre el viernes 14 y el domingo 16. A trav\u00e9s de un stand del programa Industria Activa, la cartera que conduce el ministro Sebasti\u00e1n Lifton llev\u00f3 adelante acciones de asesoramiento directo tanto para pymes como emprendedores en lo que refiere a acceso a los esquemas de financiamiento vigentes. \u201cA lo largo de las jornadas del viernes y del s\u00e1bado, atendimos un gran n\u00famero de consultas acerca de los programas y herramientas disponibles para el crecimiento y desarrollo productivo\u201d, asegur\u00f3 este lunes Laura Binaghi, subsecretaria de Industria. En cuanto a la mesa de asesoramiento que la cartera dispuso para la exposici\u00f3n de este \u00faltimo fin de semana se destacaron las l\u00edneas Fortalecer Mipyme y Consolidar Mipyme, destinadas a peque\u00f1as y medianas empresas. Tambi\u00e9n quienes se acercaron al stand de Producci\u00f3n pudieron obtener informaci\u00f3n acerca del Fondo de Desarrollo Industrial y asesoramiento para vinculaci\u00f3n con fuentes de financiamiento por parte de terceros (programas impulsados por Naci\u00f3n, por ejemplo). Por otra parte, se promocionaron las dos convocatorias que el gobierno mantiene abiertas actualmente: Emprender Mujeres y Din\u00e1micos, programas destinados a fortalecer empresas estrat\u00e9gicas. \u201cEs importante poder acercar a cada vez m\u00e1s empresas y emprendedores los instrumentos disponibles tanto del gobierno provincial como del gobierno nacional en lo que hace a financiamiento y capacitaci\u00f3n\u201d, remarc\u00f3 Binaghi.<\/p>\n<p>Industria chaque\u00f1a<br \/>\nTambi\u00e9n en el marco de la Expo Viv\u00ed la Termal, inaugurada el viernes con la presencia del gobernador Jorge Capitanich y de autoridades locales, el Ministerio cont\u00f3 con un espacio exclusivo de exhibici\u00f3n de industria chaque\u00f1a. En el predio de la Ferichaco, las y los visitantes a la muestra pudieron apreciar de primera mano distintos productos fabricados \u00edntegramente en la provincia y pertenecientes a distintos sectores fabriles estrat\u00e9gicos.<\/p>\n","protected":false},"excerpt":{"rendered":"<p>A trav\u00e9s de un stand del programa Industria Activa, la cartera particip\u00f3 del evento que se desarroll\u00f3 el fin de semana en S\u00e1enz Pe\u00f1a. El Ministerio de Producci\u00f3n, Industria y Empleo tuvo una protag\u00f3nica participaci\u00f3n en la Expo Viv\u00ed la Termal, que se desarroll\u00f3 en Presidencia Roque S\u00e1enz Pe\u00f1a entre el viernes 14 y el [&hellip;]<\/p>\n","protected":false},"author":1,"featured_media":20588,"comment_status":"closed","ping_status":"closed","sticky":false,"template":"","format":"standard","meta":{"footnotes":""},"categories":[6],"tags":[],"class_list":{"0":"post-20587","1":"post","2":"type-post","3":"status-publish","4":"format-standard","5":"has-post-thumbnail","7":"category-chaco"},"_links":{"self":[{"href":"https:\/\/chacosintesis.com.ar\/index.php\/wp-json\/wp\/v2\/posts\/20587","targetHints":{"allow":["GET"]}}],"collection":[{"href":"https:\/\/chacosintesis.com.ar\/index.php\/wp-json\/wp\/v2\/posts"}],"about":[{"href":"https:\/\/chacosintesis.com.ar\/index.php\/wp-json\/wp\/v2\/types\/post"}],"author":[{"embeddable":true,"href":"https:\/\/chacosintesis.com.ar\/index.php\/wp-json\/wp\/v2\/users\/1"}],"replies":[{"embeddable":true,"href":"https:\/\/chacosintesis.com.ar\/index.php\/wp-json\/wp\/v2\/comments?post=20587"}],"version-history":[{"count":0,"href":"https:\/\/chacosintesis.com.ar\/index.php\/wp-json\/wp\/v2\/posts\/20587\/revisions"}],"wp:featuredmedia":[{"embeddable":true,"href":"https:\/\/chacosintesis.com.ar\/index.php\/wp-json\/wp\/v2\/media\/20588"}],"wp:attachment":[{"href":"https:\/\/chacosintesis.com.ar\/index.php\/wp-json\/wp\/v2\/media?parent=20587"}],"wp:term":[{"taxonomy":"category","embeddable":true,"href":"https:\/\/chacosintesis.com.ar\/index.php\/wp-json\/wp\/v2\/categories?post=20587"},{"taxonomy":"post_tag","embeddable":true,"href":"https:\/\/chacosintesis.com.ar\/index.php\/wp-json\/wp\/v2\/tags?post=20587"}],"curies":[{"name":"wp","href":"https:\/\/api.w.org\/{rel}","templated":true}]}}