{"id":205840,"date":"2026-02-21T12:01:56","date_gmt":"2026-02-21T15:01:56","guid":{"rendered":"https:\/\/chacosintesis.com.ar\/index.php\/desde-el-gobierno-destacan-el-giro-en-la-estrategia-que-permitio-la-aprobacion-de-la-reforma-laboral\/"},"modified":"2026-02-21T12:01:56","modified_gmt":"2026-02-21T15:01:56","slug":"desde-el-gobierno-destacan-el-giro-en-la-estrategia-que-permitio-la-aprobacion-de-la-reforma-laboral","status":"publish","type":"post","link":"https:\/\/chacosintesis.com.ar\/index.php\/desde-el-gobierno-destacan-el-giro-en-la-estrategia-que-permitio-la-aprobacion-de-la-reforma-laboral\/","title":{"rendered":"Desde el Gobierno destacan el \u201cgiro\u201d en la estrategia que permiti\u00f3 la aprobaci\u00f3n de la reforma laboral"},"content":{"rendered":"<p><\/p>\n<div>\n<aside class=\"scaip scaip-1    \">\n\t\t<\/aside>\n<p>La aprobaci\u00f3n de la<strong> reforma laboral <\/strong>no solo representa un avance legislativo para el Ejecutivo. En el <strong>Gobierno <\/strong>aseguran que marca u<strong>n punto de inflexi\u00f3n en la forma de encarar la negociaci\u00f3n pol\u00edtica dentro del Congreso.<\/strong><\/p>\n<p>En Balcarce 50 destacan que, a diferencia de etapas anteriores, <strong>hubo una decisi\u00f3n expl\u00edcita de habilitar modificaciones para garantizar los votos necesarios<\/strong>. Uno de los cambios m\u00e1s significativos fue la eliminaci\u00f3n del art\u00edculo que establec\u00eda reducciones salariales en casos de licencia por enfermedad, un punto que hab\u00eda generado fuerte resistencia en sectores opositores y bloques dialoguistas.<\/p>\n<aside class=\"scaip scaip-2    \">\n\t\t<\/aside>\n<p><strong><em>\u201cSe decidi\u00f3 dar lugar a cambios\u201d,<\/em><\/strong> admiten cerca del oficialismo, donde reconocen que la apertura al di\u00e1logo fue determinante para evitar que la iniciativa quedara trabada.<\/p>\n<p>La reforma laboral forma parte del paquete de transformaciones estructurales que el presidente Javier Milei impuls\u00f3 como segunda etapa de su programa de gobierno. Para la Casa Rosada, su sanci\u00f3n consolida el rumbo pol\u00edtico y refuerza la capacidad de gesti\u00f3n en el Congreso.<\/p>\n<aside class=\"scaip scaip-3    \">\n\t\t<\/aside>\n<p>Durante las semanas previas a la votaci\u00f3n, el c\u00edrculo m\u00e1s cercano al Presidente concentr\u00f3 sus esfuerzos en la negociaci\u00f3n parlamentaria. Hubo contactos con gobernadores y con legisladores de distintos bloques para introducir ajustes y cerrar acuerdos.<\/p>\n<p>En el oficialismo sostienen que la experiencia de derrotas legislativas anteriores oblig\u00f3 a recalibrar la estrategia. La nueva din\u00e1mica incluy\u00f3 mayor coordinaci\u00f3n interna y una agenda enfocada casi exclusivamente en asegurar el n\u00famero necesario en ambas c\u00e1maras.<\/p>\n<aside class=\"scaip scaip-4    \">\n\t\t<\/aside>\n<p>Si bien el proyecto mantuvo puntos sensibles \u2014como la creaci\u00f3n del Fondo de Asistencia Laboral (FAL)\u2014 el Ejecutivo logr\u00f3 evitar que esos aspectos hicieran naufragar la iniciativa.<\/p>\n<p>De cara a la venidera semana, la actividad parlamentaria ser\u00e1 intensa. Adem\u00e1s del debate laboral (que ser\u00e1 el viernes 27), <strong>el Senado tiene en agenda la Ley Penal Juvenil y modificaciones a la Ley de Glaciares<\/strong>. El temario de extraordinarias concentra la atenci\u00f3n de la mesa pol\u00edtica, que volver\u00e1 a reunirse en los pr\u00f3ximos d\u00edas para monitorear el avance de las negociaciones y ordenar prioridades.<\/p>\n<p><h3 class=\"jp-relatedposts-headline\"><em>M\u00c1S NOTICIAS:<\/em><\/h3>\n<\/p>\n<section id=\"block-24\" class=\"below-content widget widget_block\"\/>\n<section id=\"block-38\" class=\"below-content widget widget_block\">\n<\/section>\n<\/p><\/div>\n","protected":false},"excerpt":{"rendered":"<p>La aprobaci\u00f3n de la reforma laboral no solo representa un avance legislativo para el Ejecutivo. En el Gobierno aseguran que marca un punto de inflexi\u00f3n en la forma de encarar la negociaci\u00f3n pol\u00edtica dentro del Congreso. En Balcarce 50 destacan que, a diferencia de etapas anteriores, hubo una decisi\u00f3n expl\u00edcita de habilitar modificaciones para garantizar [&hellip;]<\/p>\n","protected":false},"author":1,"featured_media":205850,"comment_status":"","ping_status":"","sticky":false,"template":"","format":"standard","meta":{"footnotes":""},"categories":[8],"tags":[],"class_list":{"0":"post-205840","1":"post","2":"type-post","3":"status-publish","4":"format-standard","5":"has-post-thumbnail","7":"category-nacionales"},"_links":{"self":[{"href":"https:\/\/chacosintesis.com.ar\/index.php\/wp-json\/wp\/v2\/posts\/205840","targetHints":{"allow":["GET"]}}],"collection":[{"href":"https:\/\/chacosintesis.com.ar\/index.php\/wp-json\/wp\/v2\/posts"}],"about":[{"href":"https:\/\/chacosintesis.com.ar\/index.php\/wp-json\/wp\/v2\/types\/post"}],"author":[{"embeddable":true,"href":"https:\/\/chacosintesis.com.ar\/index.php\/wp-json\/wp\/v2\/users\/1"}],"replies":[{"embeddable":true,"href":"https:\/\/chacosintesis.com.ar\/index.php\/wp-json\/wp\/v2\/comments?post=205840"}],"version-history":[{"count":0,"href":"https:\/\/chacosintesis.com.ar\/index.php\/wp-json\/wp\/v2\/posts\/205840\/revisions"}],"wp:featuredmedia":[{"embeddable":true,"href":"https:\/\/chacosintesis.com.ar\/index.php\/wp-json\/wp\/v2\/media\/205850"}],"wp:attachment":[{"href":"https:\/\/chacosintesis.com.ar\/index.php\/wp-json\/wp\/v2\/media?parent=205840"}],"wp:term":[{"taxonomy":"category","embeddable":true,"href":"https:\/\/chacosintesis.com.ar\/index.php\/wp-json\/wp\/v2\/categories?post=205840"},{"taxonomy":"post_tag","embeddable":true,"href":"https:\/\/chacosintesis.com.ar\/index.php\/wp-json\/wp\/v2\/tags?post=205840"}],"curies":[{"name":"wp","href":"https:\/\/api.w.org\/{rel}","templated":true}]}}