{"id":205798,"date":"2026-02-21T08:02:11","date_gmt":"2026-02-21T11:02:11","guid":{"rendered":"https:\/\/chacosintesis.com.ar\/index.php\/loco-de-amor-las-nietas-de-ricardo-montaner-lo-veran-en-concierto-por-primera-vez_a69991ca8c331fb25185da95a\/"},"modified":"2026-02-21T08:02:11","modified_gmt":"2026-02-21T11:02:11","slug":"loco-de-amor-las-nietas-de-ricardo-montaner-lo-veran-en-concierto-por-primera-vez_a69991ca8c331fb25185da95a","status":"publish","type":"post","link":"https:\/\/chacosintesis.com.ar\/index.php\/loco-de-amor-las-nietas-de-ricardo-montaner-lo-veran-en-concierto-por-primera-vez_a69991ca8c331fb25185da95a\/","title":{"rendered":"\u201cLoco de amor\u201d: Las nietas de Ricardo Montaner lo ver\u00e1n en concierto por primera vez"},"content":{"rendered":"<p><img decoding=\"async\" src=\"data:image\/gif;base64,R0lGODlhAQABAIAAAAAAAP\/\/\/ywAAAAAAQABAAACAUwAOw==\" fifu-lazy=\"1\" fifu-data-sizes=\"auto\" fifu-data-srcset=\"https:\/\/i0.wp.com\/chacosintesis.com.ar\/wp-content\/uploads\/2026\/02\/Loco-de-amor-Las-nietas-de-Ricardo-Montaner-lo-veran.jpeg?ssl=1&w=75&resize=75&ssl=1 75w, https:\/\/i0.wp.com\/chacosintesis.com.ar\/wp-content\/uploads\/2026\/02\/Loco-de-amor-Las-nietas-de-Ricardo-Montaner-lo-veran.jpeg?ssl=1&w=100&resize=100&ssl=1 100w, https:\/\/i0.wp.com\/chacosintesis.com.ar\/wp-content\/uploads\/2026\/02\/Loco-de-amor-Las-nietas-de-Ricardo-Montaner-lo-veran.jpeg?ssl=1&w=150&resize=150&ssl=1 150w, https:\/\/i0.wp.com\/chacosintesis.com.ar\/wp-content\/uploads\/2026\/02\/Loco-de-amor-Las-nietas-de-Ricardo-Montaner-lo-veran.jpeg?ssl=1&w=240&resize=240&ssl=1 240w, https:\/\/i0.wp.com\/chacosintesis.com.ar\/wp-content\/uploads\/2026\/02\/Loco-de-amor-Las-nietas-de-Ricardo-Montaner-lo-veran.jpeg?ssl=1&w=320&resize=320&ssl=1 320w, https:\/\/i0.wp.com\/chacosintesis.com.ar\/wp-content\/uploads\/2026\/02\/Loco-de-amor-Las-nietas-de-Ricardo-Montaner-lo-veran.jpeg?ssl=1&w=500&resize=500&ssl=1 500w, https:\/\/i0.wp.com\/chacosintesis.com.ar\/wp-content\/uploads\/2026\/02\/Loco-de-amor-Las-nietas-de-Ricardo-Montaner-lo-veran.jpeg?ssl=1&w=640&resize=640&ssl=1 640w, https:\/\/i0.wp.com\/chacosintesis.com.ar\/wp-content\/uploads\/2026\/02\/Loco-de-amor-Las-nietas-de-Ricardo-Montaner-lo-veran.jpeg?ssl=1&w=800&resize=800&ssl=1 800w, https:\/\/i0.wp.com\/chacosintesis.com.ar\/wp-content\/uploads\/2026\/02\/Loco-de-amor-Las-nietas-de-Ricardo-Montaner-lo-veran.jpeg?ssl=1&w=1024&resize=1024&ssl=1 1024w, https:\/\/i0.wp.com\/chacosintesis.com.ar\/wp-content\/uploads\/2026\/02\/Loco-de-amor-Las-nietas-de-Ricardo-Montaner-lo-veran.jpeg?ssl=1&w=1280&resize=1280&ssl=1 1280w, https:\/\/i0.wp.com\/chacosintesis.com.ar\/wp-content\/uploads\/2026\/02\/Loco-de-amor-Las-nietas-de-Ricardo-Montaner-lo-veran.jpeg?ssl=1&w=1600&resize=1600&ssl=1 1600w\" fifu-data-src=\"https:\/\/i0.wp.com\/chacosintesis.com.ar\/wp-content\/uploads\/2026\/02\/Loco-de-amor-Las-nietas-de-Ricardo-Montaner-lo-veran.jpeg?ssl=1\" \/><\/p>\n<div itemprop=\"articleBody\">\n<p><a href=\"\/\">Buenos Aires, 21 febrero (NA)<\/a> &#8212; La familia <strong>Montaner<\/strong> vivir\u00e1 este s\u00e1bado un momento de profunda sensibilidad en la Ciudad de Buenos Aires. La cantante <strong>Evaluna<\/strong>, hija menor de Ricardo Montaner, aterriz\u00f3 d\u00edas atr\u00e1s de sorpresa en territorio argentino junto a sus hijas, <strong>\u00cdndigo y Amaranto<\/strong>, con un objetivo muy especial:<strong> que las peque\u00f1as vean a su abuelo sobre un escenario por primera vez.<\/strong><\/p>\n<p>La esposa de Camilo decidi\u00f3 mantener la tradici\u00f3n familiar de acompa\u00f1ar al patriarca en sus giras, tal como ella lo hizo desde que tiene uso de raz\u00f3n. En esta oportunidad, el reencuentro tuvo lugar previo a los conciertos que el cantautor brindar\u00e1 este fin de semana en la capital argentina.<\/p>\n<p>Este s\u00e1bado, las ni\u00f1as ver\u00e1n por primera vez a su abuelo en un show en el Movistar Arena, en el marco de su gira <strong>&#8220;El \u00daltimo Regreso Tour 2026&#8221;,<\/strong><span> con producci\u00f3n de <\/span><strong>Fenix Entertainment.<\/strong><\/p>\n<p><tadevel-ad  class=\"block-4d\" slot-id=\"article-inline-01\"\/><\/p>\n<h4>&#8220;Un momento de locura y amor&#8221;<\/h4>\n<p>A trav\u00e9s de sus redes sociales, <strong>Evaluna comparti\u00f3 el video del instante exacto en el que sorprendieron al int\u00e9rprete<\/strong> de <i>&#8220;Me va a extra\u00f1ar&#8221;<\/i>. Montaner, visiblemente conmovido y sin poder dar cr\u00e9dito a lo que ve\u00eda, se fundi\u00f3 en un tierno abrazo con su nieta \u00cdndigo.<\/p>\n<p style=\"--ipspy: __IP__;color: __IP__;text-decoration: __IP__;\" alt=\"__IP__\" data-ipspy=\"__IP__\" title=\"__IP__\">&#8220;El amor infinito hace cosas como esta. <strong>\u00cdndigo y Amaranto llegaron a Buenos Aires y van a verme por primera vez en un concierto. Yo no puedo m\u00e1s de tanta emoci\u00f3n&#8221;,<\/strong> expres\u00f3 el artista en su perfil de Instagram.<span style=\"opacity: 0;\" data-nosnippet=\"\">__IP__<\/span><\/p>\n<h4>Tradici\u00f3n que se hereda<\/h4>\n<p>Para Evaluna, este viaje representa un hito generacional. <strong>&#8220;28 a\u00f1os vi\u00e9ndote en concierto. No me pod\u00eda perder este. Te amo&#8221;<\/strong>, escribi\u00f3 la joven madre en su <i>feed<\/i>, dejando claro que el v\u00ednculo con la m\u00fasica y el apoyo incondicional a su padre sigue intacto ahora que ella transita su propia maternidad.<\/p>\n<p><tadevel-ad  class=\"block-4d\" slot-id=\"article-inline-02\"\/><\/p>\n<p>El gesto, que fue planeado en absoluto secreto, dej\u00f3 al cantante <strong>&#8220;loco de amor&#8221;,<\/strong> seg\u00fan sus propias palabras, prepar\u00e1ndolo de la mejor manera para sus pr\u00f3ximas presentaciones en Buenos Aires, rodeado de sus afectos m\u00e1s cercanos. <a href=\"\/-agenciana_t6916e70a4551e78eb9423f59\">#AgenciaNA<\/a>\u00a0<\/p>\n<\/div>\n<p><img decoding=\"async\" src=\"data:image\/gif;base64,R0lGODlhAQABAIAAAAAAAP\/\/\/ywAAAAAAQABAAACAUwAOw==\" fifu-lazy=\"1\" fifu-data-sizes=\"auto\" fifu-data-srcset=\"https:\/\/i3.wp.com\/chacosintesis.com.ar\/wp-content\/uploads\/2026\/02\/1771671731_703_Loco-de-amor-Las-nietas-de-Ricardo-Montaner-lo-veran.jpeg?ssl=1&w=75&resize=75&ssl=1 75w, https:\/\/i3.wp.com\/chacosintesis.com.ar\/wp-content\/uploads\/2026\/02\/1771671731_703_Loco-de-amor-Las-nietas-de-Ricardo-Montaner-lo-veran.jpeg?ssl=1&w=100&resize=100&ssl=1 100w, https:\/\/i3.wp.com\/chacosintesis.com.ar\/wp-content\/uploads\/2026\/02\/1771671731_703_Loco-de-amor-Las-nietas-de-Ricardo-Montaner-lo-veran.jpeg?ssl=1&w=150&resize=150&ssl=1 150w, https:\/\/i3.wp.com\/chacosintesis.com.ar\/wp-content\/uploads\/2026\/02\/1771671731_703_Loco-de-amor-Las-nietas-de-Ricardo-Montaner-lo-veran.jpeg?ssl=1&w=240&resize=240&ssl=1 240w, https:\/\/i3.wp.com\/chacosintesis.com.ar\/wp-content\/uploads\/2026\/02\/1771671731_703_Loco-de-amor-Las-nietas-de-Ricardo-Montaner-lo-veran.jpeg?ssl=1&w=320&resize=320&ssl=1 320w, https:\/\/i3.wp.com\/chacosintesis.com.ar\/wp-content\/uploads\/2026\/02\/1771671731_703_Loco-de-amor-Las-nietas-de-Ricardo-Montaner-lo-veran.jpeg?ssl=1&w=500&resize=500&ssl=1 500w, https:\/\/i3.wp.com\/chacosintesis.com.ar\/wp-content\/uploads\/2026\/02\/1771671731_703_Loco-de-amor-Las-nietas-de-Ricardo-Montaner-lo-veran.jpeg?ssl=1&w=640&resize=640&ssl=1 640w, https:\/\/i3.wp.com\/chacosintesis.com.ar\/wp-content\/uploads\/2026\/02\/1771671731_703_Loco-de-amor-Las-nietas-de-Ricardo-Montaner-lo-veran.jpeg?ssl=1&w=800&resize=800&ssl=1 800w, https:\/\/i3.wp.com\/chacosintesis.com.ar\/wp-content\/uploads\/2026\/02\/1771671731_703_Loco-de-amor-Las-nietas-de-Ricardo-Montaner-lo-veran.jpeg?ssl=1&w=1024&resize=1024&ssl=1 1024w, https:\/\/i3.wp.com\/chacosintesis.com.ar\/wp-content\/uploads\/2026\/02\/1771671731_703_Loco-de-amor-Las-nietas-de-Ricardo-Montaner-lo-veran.jpeg?ssl=1&w=1280&resize=1280&ssl=1 1280w, https:\/\/i3.wp.com\/chacosintesis.com.ar\/wp-content\/uploads\/2026\/02\/1771671731_703_Loco-de-amor-Las-nietas-de-Ricardo-Montaner-lo-veran.jpeg?ssl=1&w=1600&resize=1600&ssl=1 1600w\" fifu-data-src=\"https:\/\/i3.wp.com\/chacosintesis.com.ar\/wp-content\/uploads\/2026\/02\/1771671731_703_Loco-de-amor-Las-nietas-de-Ricardo-Montaner-lo-veran.jpeg?ssl=1\"><\/p>\n<p>Noticias Argentinas<\/p>\n","protected":false},"excerpt":{"rendered":"<p>Buenos Aires, 21 febrero (NA) &#8212; La familia Montaner vivir\u00e1 este s\u00e1bado un momento de profunda sensibilidad en la Ciudad de Buenos Aires. La cantante Evaluna, hija menor de Ricardo Montaner, aterriz\u00f3 d\u00edas atr\u00e1s de sorpresa en territorio argentino junto a sus hijas, \u00cdndigo y Amaranto, con un objetivo muy especial: que las peque\u00f1as vean [&hellip;]<\/p>\n","protected":false},"author":1,"featured_media":205809,"comment_status":"closed","ping_status":"","sticky":false,"template":"","format":"standard","meta":{"footnotes":""},"categories":[188],"tags":[],"class_list":{"0":"post-205798","1":"post","2":"type-post","3":"status-publish","4":"format-standard","5":"has-post-thumbnail","7":"category-farandula"},"_links":{"self":[{"href":"https:\/\/chacosintesis.com.ar\/index.php\/wp-json\/wp\/v2\/posts\/205798","targetHints":{"allow":["GET"]}}],"collection":[{"href":"https:\/\/chacosintesis.com.ar\/index.php\/wp-json\/wp\/v2\/posts"}],"about":[{"href":"https:\/\/chacosintesis.com.ar\/index.php\/wp-json\/wp\/v2\/types\/post"}],"author":[{"embeddable":true,"href":"https:\/\/chacosintesis.com.ar\/index.php\/wp-json\/wp\/v2\/users\/1"}],"replies":[{"embeddable":true,"href":"https:\/\/chacosintesis.com.ar\/index.php\/wp-json\/wp\/v2\/comments?post=205798"}],"version-history":[{"count":0,"href":"https:\/\/chacosintesis.com.ar\/index.php\/wp-json\/wp\/v2\/posts\/205798\/revisions"}],"wp:featuredmedia":[{"embeddable":true,"href":"https:\/\/chacosintesis.com.ar\/index.php\/wp-json\/wp\/v2\/media\/205809"}],"wp:attachment":[{"href":"https:\/\/chacosintesis.com.ar\/index.php\/wp-json\/wp\/v2\/media?parent=205798"}],"wp:term":[{"taxonomy":"category","embeddable":true,"href":"https:\/\/chacosintesis.com.ar\/index.php\/wp-json\/wp\/v2\/categories?post=205798"},{"taxonomy":"post_tag","embeddable":true,"href":"https:\/\/chacosintesis.com.ar\/index.php\/wp-json\/wp\/v2\/tags?post=205798"}],"curies":[{"name":"wp","href":"https:\/\/api.w.org\/{rel}","templated":true}]}}