{"id":205773,"date":"2026-02-21T08:00:12","date_gmt":"2026-02-21T11:00:12","guid":{"rendered":"http:\/\/chacosintesis.com.ar\/index.php\/la-libertad-avanza-pidio-la-expulsion-de-florencia-carignano-la-diputada-que-desconecto-los-microfonos\/"},"modified":"2026-02-21T08:00:12","modified_gmt":"2026-02-21T11:00:12","slug":"la-libertad-avanza-pidio-la-expulsion-de-florencia-carignano-la-diputada-que-desconecto-los-microfonos","status":"publish","type":"post","link":"https:\/\/chacosintesis.com.ar\/index.php\/la-libertad-avanza-pidio-la-expulsion-de-florencia-carignano-la-diputada-que-desconecto-los-microfonos\/","title":{"rendered":"La Libertad Avanza pidi\u00f3 la expulsi\u00f3n de Florencia Carignano, la diputada que desconect\u00f3 los micr\u00f3fonos"},"content":{"rendered":"<p><\/p>\n<div>\n<aside class=\"scaip scaip-1    \">\n\t\t<\/aside>\n<p><strong>La Libertad Avanza<\/strong> present\u00f3 un proyecto para apartar a la legisladora de Uni\u00f3n por la Patria por <em><strong>\u201cdesorden de conducta\u201d<\/strong><\/em> tras la desconexi\u00f3n de micr\u00f3fonos durante la sesi\u00f3n en la que se aprob\u00f3 la reforma laboral. Tambi\u00e9n impulsan una denuncia penal.<\/p>\n<p>El bloque de diputados nacionales de La Libertad Avanza avanz\u00f3 este viernes con un proyecto <strong>para suspender preventivamente y luego expulsar de la C\u00e1mara a la diputada de Uni\u00f3n por la Patria Florencia Carignano<\/strong>, a quien acusan de haber protagonizado un \u201cacto de sabotaje\u201d durante la sesi\u00f3n en la que se aprob\u00f3 la reforma laboral.<\/p>\n<aside class=\"scaip scaip-2    \">\n\t\t<\/aside>\n<div class=\"wp-block-newspack-blocks-homepage-articles recomendada wpnbha show-image image-alignleft ts-2 is-1 is-landscape recomendada\" style=\"\">\n<div data-posts=\"\" data-current-post-id=\"2190267\">\n<article data-post-id=\"2189851\" class=\"tag-diputados tag-florencia-carignano tag-home-destacada-inferior-04 tag-reforma-laboral category-el-pais type-post post-has-image\">\n<figure class=\"post-thumbnail\">\n\t\t\t\t\t\t\t\t<a href=\"https:\/\/www.elsol.com.ar\/el-pais\/escandalo-en-el-congreso-una-diputada-k-desconecto-cables-y-microfonos-y-fue-repudiada\/\" rel=\"bookmark\" tabindex=\"-1\" aria-hidden=\"true\"><br \/>\n\t\t\t\t\t\t\t\t\t\t\t\t<img loading=\"lazy\" loading=\"lazy\" decoding=\"async\" width=\"800\" height=\"600\" src=\"https:\/\/i0.wp.com\/www.elsol.com.ar\/wp-content\/uploads\/2026\/02\/xvdf.png?resize=800%2C600&amp;quality=80&amp;ssl=1\" class=\"attachment-newspack-article-block-landscape-medium size-newspack-article-block-landscape-medium wp-post-image\" alt=\"Esc\u00e1ndalo en el Congreso: una diputada K desconect\u00f3 cables y micr\u00f3fonos y fue repudiada\" data-hero-candidate=\"1\" srcset=\"https:\/\/i0.wp.com\/www.elsol.com.ar\/wp-content\/uploads\/2026\/02\/xvdf.png?resize=800%2C600&amp;quality=80&amp;ssl=1 800w, https:\/\/i0.wp.com\/www.elsol.com.ar\/wp-content\/uploads\/2026\/02\/xvdf.png?resize=600%2C450&amp;quality=80&amp;ssl=1 600w, https:\/\/i0.wp.com\/www.elsol.com.ar\/wp-content\/uploads\/2026\/02\/xvdf.png?resize=400%2C300&amp;quality=80&amp;ssl=1 400w, https:\/\/i0.wp.com\/www.elsol.com.ar\/wp-content\/uploads\/2026\/02\/xvdf.png?resize=200%2C150&amp;quality=80&amp;ssl=1 200w, https:\/\/i0.wp.com\/www.elsol.com.ar\/wp-content\/uploads\/2026\/02\/xvdf.png?resize=800%2C600&amp;quality=80&amp;ssl=1&amp;w=370 370w\" sizes=\"auto, (min-width: 782px) 600px, (min-width: 600px) 42.5vw, 90vw\"\/>\t\t\t\t\t\t\t\t\t\t\t\t<\/a><\/p>\n<\/figure>\n<p><!-- .featured-image --><\/p>\n<div class=\"entry-wrapper\">\n<p>Un verdadero esc\u00e1ndalo se vivi\u00f3 este jueves durante la sesi\u00f3n llevada a cabo en la C\u00e1mara de Diputados del Congreso de la Naci\u00f3n, en el marco del tratamiento de la reforma laboral. Florencia Carignano, legisladora de Uni\u00f3n por la Patria, fue\u2026<\/p>\n<p>\n\t\t\t\t\t<time class=\"entry-date published\" datetime=\"2026-02-19T17:26:58-03:00\">febrero 19, 2026 5:26 pm<\/time><time class=\"updated\" datetime=\"2026-02-19T21:50:12-03:00\">febrero 19, 2026 9:50 pm<\/time>\t\t\t\t<\/p>\n<p><!-- .entry-meta -->\n\t\t\t\t\t\t\t\t<\/div>\n<p><!-- .entry-wrapper --><br \/>\n\t<\/article>\n<\/p><\/div>\n<\/p><\/div>\n<p>La iniciativa faculta a la Presidencia de la C\u00e1mara baja a realizar una denuncia penal por la posible comisi\u00f3n de delitos contra los poderes p\u00fablicos y el orden constitucional, al considerar que<strong> la legisladora alter\u00f3 deliberadamente el funcionamiento del recinto al desconectar micr\u00f3fonos y dispositivos utilizados por los taqu\u00edgrafos.<\/strong><\/p>\n<figure class=\"wp-block-video\"><video height=\"960\" style=\"aspect-ratio: 720 \/ 960;\" width=\"720\" controls=\"\" class=\"perfmatters-lazy\" data-src=\"https:\/\/www.elsol.com.ar\/wp-content\/uploads\/2026\/02\/ssstwitter.com_1771530140342-1.mp4\"\/><\/figure>\n<p>Desde la bancada que conduce Gabriel Bornoroni sostuvieron que Carignano incurri\u00f3 en <em><strong>\u201cactos ilegales y contrarios al esp\u00edritu democr\u00e1tico que debe reinar en el Congreso de la Naci\u00f3n\u201d<\/strong><\/em> y se\u00f1alaron que las c\u00e1maras registraron el momento en que manipul\u00f3 los equipos t\u00e9cnicos.<\/p>\n<aside class=\"scaip scaip-3    \">\n\t\t<\/aside>\n<p>En el comunicado difundido tras la presentaci\u00f3n, el oficialismo endureci\u00f3 el tono y acus\u00f3 al <strong>kirchnerismo <\/strong>de intentar<em><strong> \u201cimponer sus ideas mediante la violencia\u201d<\/strong><\/em>. <em>\u201cEstas actitudes no pueden ser permitidas. Aqu\u00ed tambi\u00e9n, el que las hace las paga\u201d<\/em>, expresaron, en alusi\u00f3n a una frase utilizada por el presidente<strong> Javier Milei.<\/strong><\/p>\n<p>El proyecto invoca el art\u00edculo 66 de la Constituci\u00f3n Nacional, que habilita a cada C\u00e1mara a sancionar o excluir a sus miembros por desorden de conducta. Adem\u00e1s de la expulsi\u00f3n definitiva, <strong>los libertarios solicitaron una suspensi\u00f3n preventiva hasta que se sustancien las actuaciones correspondientes.<\/strong><\/p>\n<aside class=\"scaip scaip-4    \">\n\t\t<\/aside>\n<p>Como antecedente, mencionaron el caso del ex diputado Juan Emilio Ameri, quien fue expulsado en 2020 tras protagonizar una escena obscena durante una sesi\u00f3n virtual.<\/p>\n<p>En los fundamentos, los impulsores del proyecto aclararon que no buscan<em> \u201cacallar el debate\u201d<\/em> ni restringir la confrontaci\u00f3n pol\u00edtica, pero marcaron una diferencia entre la discusi\u00f3n verbal y la alteraci\u00f3n material del funcionamiento institucional.<\/p>\n<p>Tambi\u00e9n recordaron que Carignano ya hab\u00eda sido cuestionada por expresiones agraviantes dirigidas a otra diputada durante la misma jornada, lo que, seg\u00fan argumentaron, refuerza el planteo de una conducta incompatible con el decoro parlamentario.<\/p>\n<p>El proyecto lleva las firmas de Bornoroni, Sebasti\u00e1n Pareja, Silvana Giudici, Laura Rodr\u00edguez Machado, Romina Diez, Javier S\u00e1nchez Wrba, Giselle Castelnuovo, Alejandro Fargosi, Carlos Almena, Johanna Longo, Rub\u00e9n Torres, Ver\u00f3nica Razzini, Patricia Holzman, Dami\u00e1n Arabia y \u00c1lida Ferreyra.<\/p>\n<p>Ahora la definici\u00f3n quedar\u00e1 en manos del pleno de la C\u00e1mara, en un clima pol\u00edtico atravesado por la reciente aprobaci\u00f3n de la reforma laboral y la creciente tensi\u00f3n entre oficialismo y oposici\u00f3n.<\/p>\n<p><h3 class=\"jp-relatedposts-headline\"><em>M\u00c1S NOTICIAS:<\/em><\/h3>\n<\/p>\n<section id=\"block-24\" class=\"below-content widget widget_block\"\/>\n<section id=\"block-38\" class=\"below-content widget widget_block\">\n<\/section>\n<\/p><\/div>\n<p><script async src=\"\/\/platform.twitter.com\/widgets.js\" charset=\"utf-8\"><\/script><\/p>\n","protected":false},"excerpt":{"rendered":"<p>La Libertad Avanza present\u00f3 un proyecto para apartar a la legisladora de Uni\u00f3n por la Patria por \u201cdesorden de conducta\u201d tras la desconexi\u00f3n de micr\u00f3fonos durante la sesi\u00f3n en la que se aprob\u00f3 la reforma laboral. Tambi\u00e9n impulsan una denuncia penal. El bloque de diputados nacionales de La Libertad Avanza avanz\u00f3 este viernes con un [&hellip;]<\/p>\n","protected":false},"author":1,"featured_media":205786,"comment_status":"","ping_status":"","sticky":false,"template":"","format":"standard","meta":{"footnotes":""},"categories":[8],"tags":[],"class_list":{"0":"post-205773","1":"post","2":"type-post","3":"status-publish","4":"format-standard","5":"has-post-thumbnail","7":"category-nacionales"},"_links":{"self":[{"href":"https:\/\/chacosintesis.com.ar\/index.php\/wp-json\/wp\/v2\/posts\/205773","targetHints":{"allow":["GET"]}}],"collection":[{"href":"https:\/\/chacosintesis.com.ar\/index.php\/wp-json\/wp\/v2\/posts"}],"about":[{"href":"https:\/\/chacosintesis.com.ar\/index.php\/wp-json\/wp\/v2\/types\/post"}],"author":[{"embeddable":true,"href":"https:\/\/chacosintesis.com.ar\/index.php\/wp-json\/wp\/v2\/users\/1"}],"replies":[{"embeddable":true,"href":"https:\/\/chacosintesis.com.ar\/index.php\/wp-json\/wp\/v2\/comments?post=205773"}],"version-history":[{"count":0,"href":"https:\/\/chacosintesis.com.ar\/index.php\/wp-json\/wp\/v2\/posts\/205773\/revisions"}],"wp:featuredmedia":[{"embeddable":true,"href":"https:\/\/chacosintesis.com.ar\/index.php\/wp-json\/wp\/v2\/media\/205786"}],"wp:attachment":[{"href":"https:\/\/chacosintesis.com.ar\/index.php\/wp-json\/wp\/v2\/media?parent=205773"}],"wp:term":[{"taxonomy":"category","embeddable":true,"href":"https:\/\/chacosintesis.com.ar\/index.php\/wp-json\/wp\/v2\/categories?post=205773"},{"taxonomy":"post_tag","embeddable":true,"href":"https:\/\/chacosintesis.com.ar\/index.php\/wp-json\/wp\/v2\/tags?post=205773"}],"curies":[{"name":"wp","href":"https:\/\/api.w.org\/{rel}","templated":true}]}}